{"id":19790,"date":"2025-06-16T16:53:44","date_gmt":"2025-06-16T19:53:44","guid":{"rendered":"https:\/\/blogdodanielgalvao.com.br\/site\/?p=19790"},"modified":"2025-06-16T16:53:44","modified_gmt":"2025-06-16T19:53:44","slug":"prefeitura-de-cabo-frio-apresenta-roteiro-religioso-cultural-durante-feriado-de-corpus-christi","status":"publish","type":"post","link":"https:\/\/blogdodanielgalvao.com.br\/site\/prefeitura-de-cabo-frio-apresenta-roteiro-religioso-cultural-durante-feriado-de-corpus-christi\/","title":{"rendered":"Prefeitura de Cabo Frio apresenta roteiro religioso-cultural durante feriado de Corpus Christi"},"content":{"rendered":"<p>A Prefeitura de Cabo Frio vai lan\u00e7ar, nesta sexta-feira (20), um novo roteiro tur\u00edstico com foco no patrim\u00f4nio hist\u00f3rico e religioso da cidade. Intitulado \u201cCabo Frio: Caminhos de Heran\u00e7a e F\u00e9\u201d, o percurso ser\u00e1 apresentado durante evento na Pra\u00e7a Porto Rocha, a partir das 17h, em frente \u00e0 Matriz Hist\u00f3rica de Nossa Senhora da Assun\u00e7\u00e3o, no feriado de Corpus Christi.<\/p>\n<p>O lan\u00e7amento contar\u00e1 com a divulga\u00e7\u00e3o oficial do roteiro e tamb\u00e9m do Tour da Matriz Hist\u00f3rica, voltado especificamente \u00e0 igreja localizada no cora\u00e7\u00e3o da cidade. A caminhada tur\u00edstica passar\u00e1 por diversos pontos simb\u00f3licos e preservados de Cabo Frio, como a Fonte do Itajuru, o Convento Nossa Senhora dos Anjos, o Museu de Arte Religiosa e Tradicional (MART), a Capela de Nossa Senhora da Guia, a Ponte Feliciano Sodr\u00e9, o Pal\u00e1cio das \u00c1guias, a Biblioteca Municipal Walter Nogueira, o Coreto da Pra\u00e7a Porto Rocha, a Matriz Hist\u00f3rica e o Museu e Casa de Cultura Jos\u00e9 de Dome.<\/p>\n<p>Encerrando a programa\u00e7\u00e3o, haver\u00e1 uma encena\u00e7\u00e3o especial com o tema Corpus Christi e a Coroa\u00e7\u00e3o de Maria, tamb\u00e9m em frente \u00e0 igreja matriz.<\/p>\n<p>De acordo com o secret\u00e1rio de Turismo, Davi Barcelos, o novo roteiro fortalece a diversidade do turismo local. \u201cDesde o in\u00edcio da gest\u00e3o do prefeito Dr. Serginho temos investido em diferentes vertentes tur\u00edsticas. Cabo Frio \u00e9 conhecida pelas praias, mas tamb\u00e9m possui uma riqueza hist\u00f3rica e religiosa que precisa ser valorizada. Este novo produto une f\u00e9, cultura e turismo, e oferece uma nova forma de vivenciar a cidade\u201d, afirmou.<\/p>\n<p>A proposta do roteiro \u201cCaminhos de Heran\u00e7a e F\u00e9\u201d \u00e9 apresentar Cabo Frio sob um olhar alternativo, destacando sua import\u00e2ncia cultural e espiritual, principalmente na regi\u00e3o central. O foco \u00e9 atrair visitantes interessados em experi\u00eancias mais profundas, al\u00e9m do tradicional turismo de sol e mar.<\/p>\n<p>Para isso, quinze guias de turismo foram capacitados pela Secretaria de Turismo com conte\u00fados que misturam informa\u00e7\u00f5es t\u00e9cnicas e curiosidades populares. As visitas ser\u00e3o conduzidas de forma leve e acess\u00edvel, trazendo tamb\u00e9m elementos da cultura cabofriense, hist\u00f3rias locais e relatos que preservam a mem\u00f3ria afetiva da cidade.<\/p>\n<p>O projeto tamb\u00e9m valoriza o Turismo de Experi\u00eancia, que incentiva o contato direto com os moradores, o patrim\u00f4nio e as tradi\u00e7\u00f5es locais \u2014 oferecendo ao visitante uma viv\u00eancia aut\u00eantica\u00a0e\u00a0envolvente.<\/p>\n","protected":false},"excerpt":{"rendered":"<p>A Prefeitura de Cabo Frio vai lan\u00e7ar, nesta sexta-feira (20), um novo roteiro tur\u00edstico com foco no patrim\u00f4nio hist\u00f3rico e religioso da cidade. Intitulado \u201cCabo Frio: Caminhos de Heran\u00e7a e F\u00e9\u201d, o percurso ser\u00e1 apresentado durante evento na Pra\u00e7a Porto Rocha, a partir das 17h, em frente \u00e0 Matriz Hist\u00f3rica de Nossa Senhora da Assun\u00e7\u00e3o, [&hellip;]<\/p>\n","protected":false},"author":2,"featured_media":19791,"comment_status":"open","ping_status":"open","sticky":true,"template":"","format":"standard","meta":{"footnotes":""},"categories":[340],"tags":[1896],"class_list":["post-19790","post","type-post","status-publish","format-standard","has-post-thumbnail","hentry","category-cabo-frio","tag-destaque"],"_links":{"self":[{"href":"https:\/\/blogdodanielgalvao.com.br\/site\/wp-json\/wp\/v2\/posts\/19790","targetHints":{"allow":["GET"]}}],"collection":[{"href":"https:\/\/blogdodanielgalvao.com.br\/site\/wp-json\/wp\/v2\/posts"}],"about":[{"href":"https:\/\/blogdodanielgalvao.com.br\/site\/wp-json\/wp\/v2\/types\/post"}],"author":[{"embeddable":true,"href":"https:\/\/blogdodanielgalvao.com.br\/site\/wp-json\/wp\/v2\/users\/2"}],"replies":[{"embeddable":true,"href":"https:\/\/blogdodanielgalvao.com.br\/site\/wp-json\/wp\/v2\/comments?post=19790"}],"version-history":[{"count":1,"href":"https:\/\/blogdodanielgalvao.com.br\/site\/wp-json\/wp\/v2\/posts\/19790\/revisions"}],"predecessor-version":[{"id":19792,"href":"https:\/\/blogdodanielgalvao.com.br\/site\/wp-json\/wp\/v2\/posts\/19790\/revisions\/19792"}],"wp:featuredmedia":[{"embeddable":true,"href":"https:\/\/blogdodanielgalvao.com.br\/site\/wp-json\/wp\/v2\/media\/19791"}],"wp:attachment":[{"href":"https:\/\/blogdodanielgalvao.com.br\/site\/wp-json\/wp\/v2\/media?parent=19790"}],"wp:term":[{"taxonomy":"category","embeddable":true,"href":"https:\/\/blogdodanielgalvao.com.br\/site\/wp-json\/wp\/v2\/categories?post=19790"},{"taxonomy":"post_tag","embeddable":true,"href":"https:\/\/blogdodanielgalvao.com.br\/site\/wp-json\/wp\/v2\/tags?post=19790"}],"curies":[{"name":"wp","href":"https:\/\/api.w.org\/{rel}","templated":true}]}}