{"id":19786,"date":"2025-06-16T16:45:39","date_gmt":"2025-06-16T19:45:39","guid":{"rendered":"https:\/\/blogdodanielgalvao.com.br\/site\/?p=19786"},"modified":"2025-06-16T16:45:39","modified_gmt":"2025-06-16T19:45:39","slug":"evento-gastronomico-muda-rotina-do-transito-em-cabo-frio-durante-a-semana","status":"publish","type":"post","link":"https:\/\/blogdodanielgalvao.com.br\/site\/evento-gastronomico-muda-rotina-do-transito-em-cabo-frio-durante-a-semana\/","title":{"rendered":"Evento gastron\u00f4mico muda rotina do tr\u00e2nsito em Cabo Frio durante a semana"},"content":{"rendered":"<p>Desde esta segunda-feira (16), a Avenida Praia das Palmeiras est\u00e1 temporariamente interditada no sentido Praia do Siqueira para a montagem da estrutura do Blend BBQ Festival, que ser\u00e1 realizado at\u00e9 domingo (22).<\/p>\n<p>Durante esse per\u00edodo, os ve\u00edculos ser\u00e3o redirecionados para a Rua Irm\u00e3 Josefina da Veiga. Agentes da Guarda Civil Municipal est\u00e3o no local para orientar o fluxo de carros e pedestres, garantindo a fluidez e a seguran\u00e7a no tr\u00e2nsito.<\/p>\n<p>O acesso ao Shopping Park Lagos permanece liberado, mas poder\u00e1 ser interrompido de forma pontual nos dias de evento, de acordo com a movimenta\u00e7\u00e3o de pessoas e a necessidade de ajustes na circula\u00e7\u00e3o.<\/p>\n<p>\u201cSabemos que altera\u00e7\u00f5es no tr\u00e1fego sempre exigem um per\u00edodo de adapta\u00e7\u00e3o, mas esse \u00e9 um evento relevante para a economia local, que atrai visitantes e fortalece o com\u00e9rcio. Contamos com a paci\u00eancia e colabora\u00e7\u00e3o da popula\u00e7\u00e3o para que tudo transcorra da melhor forma poss\u00edvel\u201d, afirmou o secret\u00e1rio de Seguran\u00e7a e Ordem P\u00fablica, coronel Leandro\u00a0Carvalho.<\/p>\n","protected":false},"excerpt":{"rendered":"<p>Desde esta segunda-feira (16), a Avenida Praia das Palmeiras est\u00e1 temporariamente interditada no sentido Praia do Siqueira para a montagem da estrutura do Blend BBQ Festival, que ser\u00e1 realizado at\u00e9 domingo (22). Durante esse per\u00edodo, os ve\u00edculos ser\u00e3o redirecionados para a Rua Irm\u00e3 Josefina da Veiga. Agentes da Guarda Civil Municipal est\u00e3o no local para [&hellip;]<\/p>\n","protected":false},"author":2,"featured_media":19787,"comment_status":"open","ping_status":"open","sticky":true,"template":"","format":"standard","meta":{"footnotes":""},"categories":[340],"tags":[1896],"class_list":["post-19786","post","type-post","status-publish","format-standard","has-post-thumbnail","hentry","category-cabo-frio","tag-destaque"],"_links":{"self":[{"href":"https:\/\/blogdodanielgalvao.com.br\/site\/wp-json\/wp\/v2\/posts\/19786","targetHints":{"allow":["GET"]}}],"collection":[{"href":"https:\/\/blogdodanielgalvao.com.br\/site\/wp-json\/wp\/v2\/posts"}],"about":[{"href":"https:\/\/blogdodanielgalvao.com.br\/site\/wp-json\/wp\/v2\/types\/post"}],"author":[{"embeddable":true,"href":"https:\/\/blogdodanielgalvao.com.br\/site\/wp-json\/wp\/v2\/users\/2"}],"replies":[{"embeddable":true,"href":"https:\/\/blogdodanielgalvao.com.br\/site\/wp-json\/wp\/v2\/comments?post=19786"}],"version-history":[{"count":1,"href":"https:\/\/blogdodanielgalvao.com.br\/site\/wp-json\/wp\/v2\/posts\/19786\/revisions"}],"predecessor-version":[{"id":19788,"href":"https:\/\/blogdodanielgalvao.com.br\/site\/wp-json\/wp\/v2\/posts\/19786\/revisions\/19788"}],"wp:featuredmedia":[{"embeddable":true,"href":"https:\/\/blogdodanielgalvao.com.br\/site\/wp-json\/wp\/v2\/media\/19787"}],"wp:attachment":[{"href":"https:\/\/blogdodanielgalvao.com.br\/site\/wp-json\/wp\/v2\/media?parent=19786"}],"wp:term":[{"taxonomy":"category","embeddable":true,"href":"https:\/\/blogdodanielgalvao.com.br\/site\/wp-json\/wp\/v2\/categories?post=19786"},{"taxonomy":"post_tag","embeddable":true,"href":"https:\/\/blogdodanielgalvao.com.br\/site\/wp-json\/wp\/v2\/tags?post=19786"}],"curies":[{"name":"wp","href":"https:\/\/api.w.org\/{rel}","templated":true}]}}