{"id":19782,"date":"2025-06-16T16:38:00","date_gmt":"2025-06-16T19:38:00","guid":{"rendered":"https:\/\/blogdodanielgalvao.com.br\/site\/?p=19782"},"modified":"2025-06-16T16:38:00","modified_gmt":"2025-06-16T19:38:00","slug":"atleta-de-cabo-frio-conquista-seis-medalhas-no-4o-meeting-master-em-minas-gerais","status":"publish","type":"post","link":"https:\/\/blogdodanielgalvao.com.br\/site\/atleta-de-cabo-frio-conquista-seis-medalhas-no-4o-meeting-master-em-minas-gerais\/","title":{"rendered":"Atleta de Cabo Frio conquista seis medalhas no 4\u00ba Meeting Master em Minas Gerais"},"content":{"rendered":"<p>O agente da Guarda Civil Municipal de Cabo Frio, Wagner Eduardo, brilhou em sua estreia nas pistas este ano, durante o 4\u00ba Meeting de Atletismo Master Amava-Usipa, realizado no s\u00e1bado (14), na cidade de Ipatinga, em Minas Gerais. O evento contou com competidores de diversas partes do pa\u00eds e marcou o in\u00edcio da temporada para o atleta cabo-friense.<\/p>\n<p>Integrante da Associa\u00e7\u00e3o de Veteranos de Atletismo do Rio de Janeiro (AVAT-RJ) e da Associa\u00e7\u00e3o Brasileira de Atletismo Master (ABRAM), Wagner integrou a equipe CF2V, do Rio de Janeiro, e trouxe para casa seis medalhas. Ele garantiu o ouro nos 200 metros rasos, prova em que j\u00e1 vem se destacando. Conquistou ainda a prata nos 100 metros rasos, salto em dist\u00e2ncia, salto em altura e lan\u00e7amento de dardo. E completou sua performance com o bronze no revezamento 4&#215;100 metros.<\/p>\n<p>Mesmo com o calend\u00e1rio oficial tendo come\u00e7ado em fevereiro, essa foi a primeira participa\u00e7\u00e3o de Wagner em uma competi\u00e7\u00e3o neste ano \u2014 e j\u00e1 com um desempenho de alto n\u00edvel.<\/p>\n<p>\u201c\u00c9 uma honra vestir o nome de Cabo Frio nas pistas. Quero ser exemplo para outros atletas que sonham em competir. Meu foco est\u00e1 no Campeonato Sul-Americano, no Chile, em novembro. At\u00e9 l\u00e1, sigo firme nos treinos e em busca de apoio para continuar competindo\u201d, declarou o guarda-civil.<\/p>\n<p>A pr\u00f3xima prova do atleta ser\u00e1 o 31\u00ba Campeonato de Atletismo Master do Rio de Janeiro, nos dias 28\u00a0e\u00a029\u00a0de\u00a0junho.<\/p>\n","protected":false},"excerpt":{"rendered":"<p>O agente da Guarda Civil Municipal de Cabo Frio, Wagner Eduardo, brilhou em sua estreia nas pistas este ano, durante o 4\u00ba Meeting de Atletismo Master Amava-Usipa, realizado no s\u00e1bado (14), na cidade de Ipatinga, em Minas Gerais. O evento contou com competidores de diversas partes do pa\u00eds e marcou o in\u00edcio da temporada para [&hellip;]<\/p>\n","protected":false},"author":2,"featured_media":19783,"comment_status":"open","ping_status":"open","sticky":true,"template":"","format":"standard","meta":{"footnotes":""},"categories":[340],"tags":[1896],"class_list":["post-19782","post","type-post","status-publish","format-standard","has-post-thumbnail","hentry","category-cabo-frio","tag-destaque"],"_links":{"self":[{"href":"https:\/\/blogdodanielgalvao.com.br\/site\/wp-json\/wp\/v2\/posts\/19782","targetHints":{"allow":["GET"]}}],"collection":[{"href":"https:\/\/blogdodanielgalvao.com.br\/site\/wp-json\/wp\/v2\/posts"}],"about":[{"href":"https:\/\/blogdodanielgalvao.com.br\/site\/wp-json\/wp\/v2\/types\/post"}],"author":[{"embeddable":true,"href":"https:\/\/blogdodanielgalvao.com.br\/site\/wp-json\/wp\/v2\/users\/2"}],"replies":[{"embeddable":true,"href":"https:\/\/blogdodanielgalvao.com.br\/site\/wp-json\/wp\/v2\/comments?post=19782"}],"version-history":[{"count":1,"href":"https:\/\/blogdodanielgalvao.com.br\/site\/wp-json\/wp\/v2\/posts\/19782\/revisions"}],"predecessor-version":[{"id":19784,"href":"https:\/\/blogdodanielgalvao.com.br\/site\/wp-json\/wp\/v2\/posts\/19782\/revisions\/19784"}],"wp:featuredmedia":[{"embeddable":true,"href":"https:\/\/blogdodanielgalvao.com.br\/site\/wp-json\/wp\/v2\/media\/19783"}],"wp:attachment":[{"href":"https:\/\/blogdodanielgalvao.com.br\/site\/wp-json\/wp\/v2\/media?parent=19782"}],"wp:term":[{"taxonomy":"category","embeddable":true,"href":"https:\/\/blogdodanielgalvao.com.br\/site\/wp-json\/wp\/v2\/categories?post=19782"},{"taxonomy":"post_tag","embeddable":true,"href":"https:\/\/blogdodanielgalvao.com.br\/site\/wp-json\/wp\/v2\/tags?post=19782"}],"curies":[{"name":"wp","href":"https:\/\/api.w.org\/{rel}","templated":true}]}}