{"id":19778,"date":"2025-06-16T16:33:36","date_gmt":"2025-06-16T19:33:36","guid":{"rendered":"https:\/\/blogdodanielgalvao.com.br\/site\/?p=19778"},"modified":"2025-06-16T16:33:36","modified_gmt":"2025-06-16T19:33:36","slug":"cabo-frio-tem-alta-na-busca-por-emprego-e-programa-municipal-lidera-conexoes-com-o-mercado","status":"publish","type":"post","link":"https:\/\/blogdodanielgalvao.com.br\/site\/cabo-frio-tem-alta-na-busca-por-emprego-e-programa-municipal-lidera-conexoes-com-o-mercado\/","title":{"rendered":"Cabo Frio tem alta na busca por emprego e programa municipal lidera conex\u00f5es com o mercado"},"content":{"rendered":"<p>Entre os dias 8 e 14 de junho, o site oficial do programa recebeu 138 novos curr\u00edculos, n\u00famero que representa o maior volume desde a primeira semana de funcionamento, no fim de mar\u00e7o.<\/p>\n<p>Desenvolvido pela Prefeitura de Cabo Frio e coordenado pela Secretaria Municipal de Desenvolvimento Econ\u00f4mico, o Emprego J\u00e1! vem ampliando sua presen\u00e7a entre quem busca uma oportunidade no mercado de trabalho.<\/p>\n<p>Apenas na semana mencionada, 138 pessoas se inscreveram no site (<a href=\"http:\/\/www.cabofrio.rj.gov.br\/empregoja\">www.cabofrio.rj.gov.br\/empregoja<\/a>) \u2014 marca superada apenas na estreia do programa, quando foram realizados 1.026 cadastros.<\/p>\n<p>Outro indicador de crescimento foi o atendimento pelo WhatsApp (22) 99832-2974. A m\u00e9dia de mensagens subiu para *40 por dia*, contra 30 na m\u00e9dia anterior. A procura inclui desde d\u00favidas sobre o funcionamento do servi\u00e7o at\u00e9 o envio de curr\u00edculos.<\/p>\n<p>Desde que foi criado, o programa j\u00e1 intermediou a contrata\u00e7\u00e3o de 43 trabalhadores. Hoje, o Emprego J\u00e1! re\u00fane 82 empresas cadastradas, com um total de 425 vagas abertas em diversos setores e localidades de Cabo Frio.<\/p>\n<p>&nbsp;<\/p>\n<p><strong>As \u00e1reas com maior oferta de postos s\u00e3o:<\/strong><\/p>\n<p>* Operador(a) de caixa \u2013 74 vagas<\/p>\n<p>* Vendedor(a) \u2013 29 vagas<\/p>\n<p>* Motorista com CNH D ou E \u2013 21 vagas<\/p>\n<p>* Gar\u00e7om ou gar\u00e7onete \u2013 19 vagas<\/p>\n<p>* Repositor(a) \u2013 16 vagas<\/p>\n<p>&nbsp;<\/p>\n<p>Empresas interessadas em disponibilizar vagas de emprego podem fazer o cadastro pelo link: <a href=\"http:\/\/www.cabofrio.rj.gov.br\/empregoja-empresas\">www.cabofrio.rj.gov.br\/empregoja-empresas<\/a>.<\/p>\n<p>&nbsp;<\/p>\n<p><strong>Balan\u00e7o da semana (8 a 14 de junho):<\/strong><\/p>\n<ul>\n<li>Vagas dispon\u00edveis: 425<\/li>\n<li>Empresas ativas: 82<\/li>\n<li>Cadastros na semana: 138<\/li>\n<li>Total de contrata\u00e7\u00f5es: 43<\/li>\n<li>M\u00e9dia de atendimentos via WhatsApp:\u00a040\u00a0por\u00a0dia<\/li>\n<\/ul>\n","protected":false},"excerpt":{"rendered":"<p>Entre os dias 8 e 14 de junho, o site oficial do programa recebeu 138 novos curr\u00edculos, n\u00famero que representa o maior volume desde a primeira semana de funcionamento, no fim de mar\u00e7o. Desenvolvido pela Prefeitura de Cabo Frio e coordenado pela Secretaria Municipal de Desenvolvimento Econ\u00f4mico, o Emprego J\u00e1! vem ampliando sua presen\u00e7a entre [&hellip;]<\/p>\n","protected":false},"author":2,"featured_media":19779,"comment_status":"open","ping_status":"open","sticky":true,"template":"","format":"standard","meta":{"footnotes":""},"categories":[340],"tags":[1896],"class_list":["post-19778","post","type-post","status-publish","format-standard","has-post-thumbnail","hentry","category-cabo-frio","tag-destaque"],"_links":{"self":[{"href":"https:\/\/blogdodanielgalvao.com.br\/site\/wp-json\/wp\/v2\/posts\/19778","targetHints":{"allow":["GET"]}}],"collection":[{"href":"https:\/\/blogdodanielgalvao.com.br\/site\/wp-json\/wp\/v2\/posts"}],"about":[{"href":"https:\/\/blogdodanielgalvao.com.br\/site\/wp-json\/wp\/v2\/types\/post"}],"author":[{"embeddable":true,"href":"https:\/\/blogdodanielgalvao.com.br\/site\/wp-json\/wp\/v2\/users\/2"}],"replies":[{"embeddable":true,"href":"https:\/\/blogdodanielgalvao.com.br\/site\/wp-json\/wp\/v2\/comments?post=19778"}],"version-history":[{"count":1,"href":"https:\/\/blogdodanielgalvao.com.br\/site\/wp-json\/wp\/v2\/posts\/19778\/revisions"}],"predecessor-version":[{"id":19780,"href":"https:\/\/blogdodanielgalvao.com.br\/site\/wp-json\/wp\/v2\/posts\/19778\/revisions\/19780"}],"wp:featuredmedia":[{"embeddable":true,"href":"https:\/\/blogdodanielgalvao.com.br\/site\/wp-json\/wp\/v2\/media\/19779"}],"wp:attachment":[{"href":"https:\/\/blogdodanielgalvao.com.br\/site\/wp-json\/wp\/v2\/media?parent=19778"}],"wp:term":[{"taxonomy":"category","embeddable":true,"href":"https:\/\/blogdodanielgalvao.com.br\/site\/wp-json\/wp\/v2\/categories?post=19778"},{"taxonomy":"post_tag","embeddable":true,"href":"https:\/\/blogdodanielgalvao.com.br\/site\/wp-json\/wp\/v2\/tags?post=19778"}],"curies":[{"name":"wp","href":"https:\/\/api.w.org\/{rel}","templated":true}]}}