{"id":19715,"date":"2025-06-15T08:00:27","date_gmt":"2025-06-15T11:00:27","guid":{"rendered":"https:\/\/blogdodanielgalvao.com.br\/site\/?p=19715"},"modified":"2025-06-14T13:57:33","modified_gmt":"2025-06-14T16:57:33","slug":"vacinacao-contra-gripe-continua-em-macae-com-novos-pontos-de-aplicacao-2","status":"publish","type":"post","link":"https:\/\/blogdodanielgalvao.com.br\/site\/vacinacao-contra-gripe-continua-em-macae-com-novos-pontos-de-aplicacao-2\/","title":{"rendered":"Vacina\u00e7\u00e3o contra gripe continua em Maca\u00e9 com novos pontos de aplica\u00e7\u00e3o"},"content":{"rendered":"<p>A campanha de vacina\u00e7\u00e3o contra a gripe, promovida pela Prefeitura de Maca\u00e9, vem registrando boa ades\u00e3o da popula\u00e7\u00e3o desde o in\u00edcio da a\u00e7\u00e3o itinerante, no \u00faltimo dia 5 de junho. Em menos de duas semanas, j\u00e1 foram aplicadas 2.500 doses fora das unidades de sa\u00fade tradicionais. Na \u00faltima sexta-feira (13), a imuniza\u00e7\u00e3o aconteceu na Feirinha do Pecado, refor\u00e7ando o alcance da iniciativa.<\/p>\n<p>&nbsp;<\/p>\n<p>A a\u00e7\u00e3o continua na pr\u00f3xima semana em pontos de grande circula\u00e7\u00e3o. A equipe do Programa de Imuniza\u00e7\u00e3o da Secretaria de Sa\u00fade estar\u00e1 no Cal\u00e7ad\u00e3o da Avenida Rui Barbosa na ter\u00e7a-feira (17) e na Pra\u00e7a Ver\u00edssimo de Melo na quarta-feira (18), sempre das 9h \u00e0s 12h. J\u00e1 nos dias 25 e 26 de junho, a vacina\u00e7\u00e3o retorna ao Shopping Plaza Maca\u00e9, das 10h \u00e0s 21h.<\/p>\n<p>&nbsp;<\/p>\n<p>Al\u00e9m da vacina\u00e7\u00e3o itinerante, a popula\u00e7\u00e3o pode se imunizar nas unidades de Estrat\u00e9gia de Sa\u00fade da Fam\u00edlia (ESF), Unidades B\u00e1sicas de Sa\u00fade (UBS), Casa da Vacina e na sala de vacina\u00e7\u00e3o do Pronto-Socorro do Aeroporto.<\/p>\n<p>&nbsp;<\/p>\n<p>Segundo a coordenadora do Programa de Imuniza\u00e7\u00f5es, Lorrainy Fagundes, a estrat\u00e9gia extramuros facilita o acesso ao imunizante e amplia a cobertura vacinal, fator essencial para conter a circula\u00e7\u00e3o do v\u00edrus da gripe na cidade.<\/p>\n<p>&nbsp;<\/p>\n<p>Para receber a vacina, \u00e9 necess\u00e1rio apresentar documento com foto, CPF e\/ou Cart\u00e3o do SUS. Menores de 18 anos devem estar acompanhados de um respons\u00e1vel.<\/p>\n<p>&nbsp;<\/p>\n<p>A vacina est\u00e1 liberada para o p\u00fablico em geral, mas a Secretaria de Sa\u00fade refor\u00e7a a necessidade de comparecimento do p\u00fablico alvo mais vulner\u00e1vel para complica\u00e7\u00f5es da gripe, que s\u00e3o os idosos, crian\u00e7as de seis meses at\u00e9 cinco anos 11 meses e 20 dias menores de seis anos e gestantes.<\/p>\n<p>&nbsp;<\/p>\n<p>Os cuidadores e familiares de pessoas acamadas podem procurar uma unidade da Estrat\u00e9gia de Sa\u00fade da Fam\u00edlia (ESF) do bairro, para solicitar a vacina em domic\u00edlio. Caso o bairro n\u00e3o possua uma unidade da ESF, estes devem buscar a Casa da Vacina para agendamento em domic\u00edlio. A Casa da Vacina funciona na Rua Compositor Benedito Lacerda, 267, Imbetiba, pr\u00f3ximo ao Forte Marechal Hermes. O atendimento acontece de segunda a sexta-feira das 8h \u00e0s 17h.<\/p>\n<p>&nbsp;<\/p>\n<p>A vacina contra a gripe oferecida \u00e9 trivalente e protege contra a cepa da influenza B, influenza A H1N1 e influenza A H3N2. As pessoas que testaram positivo para Influenza podem receber a vacina ap\u00f3s 30 dias do diagn\u00f3stico.<\/p>\n<p>A influenza \u00e9 uma infec\u00e7\u00e3o respirat\u00f3ria viral aguda que afeta o sistema respirat\u00f3rio, de elevada transmissibilidade, distribui\u00e7\u00e3o global e com tend\u00eancia a se disseminar facilmente em epidemias sazonais. Os casos de influenza podem variar de quadros leves a graves e podem levar ao \u00f3bito.<\/p>\n","protected":false},"excerpt":{"rendered":"<p>A campanha de vacina\u00e7\u00e3o contra a gripe, promovida pela Prefeitura de Maca\u00e9, vem registrando boa ades\u00e3o da popula\u00e7\u00e3o desde o in\u00edcio da a\u00e7\u00e3o itinerante, no \u00faltimo dia 5 de junho. Em menos de duas semanas, j\u00e1 foram aplicadas 2.500 doses fora das unidades de sa\u00fade tradicionais. Na \u00faltima sexta-feira (13), a imuniza\u00e7\u00e3o aconteceu na Feirinha [&hellip;]<\/p>\n","protected":false},"author":2,"featured_media":19716,"comment_status":"open","ping_status":"open","sticky":false,"template":"","format":"standard","meta":{"footnotes":""},"categories":[1],"tags":[],"class_list":["post-19715","post","type-post","status-publish","format-standard","has-post-thumbnail","hentry","category-sem-categoria"],"_links":{"self":[{"href":"https:\/\/blogdodanielgalvao.com.br\/site\/wp-json\/wp\/v2\/posts\/19715","targetHints":{"allow":["GET"]}}],"collection":[{"href":"https:\/\/blogdodanielgalvao.com.br\/site\/wp-json\/wp\/v2\/posts"}],"about":[{"href":"https:\/\/blogdodanielgalvao.com.br\/site\/wp-json\/wp\/v2\/types\/post"}],"author":[{"embeddable":true,"href":"https:\/\/blogdodanielgalvao.com.br\/site\/wp-json\/wp\/v2\/users\/2"}],"replies":[{"embeddable":true,"href":"https:\/\/blogdodanielgalvao.com.br\/site\/wp-json\/wp\/v2\/comments?post=19715"}],"version-history":[{"count":1,"href":"https:\/\/blogdodanielgalvao.com.br\/site\/wp-json\/wp\/v2\/posts\/19715\/revisions"}],"predecessor-version":[{"id":19717,"href":"https:\/\/blogdodanielgalvao.com.br\/site\/wp-json\/wp\/v2\/posts\/19715\/revisions\/19717"}],"wp:featuredmedia":[{"embeddable":true,"href":"https:\/\/blogdodanielgalvao.com.br\/site\/wp-json\/wp\/v2\/media\/19716"}],"wp:attachment":[{"href":"https:\/\/blogdodanielgalvao.com.br\/site\/wp-json\/wp\/v2\/media?parent=19715"}],"wp:term":[{"taxonomy":"category","embeddable":true,"href":"https:\/\/blogdodanielgalvao.com.br\/site\/wp-json\/wp\/v2\/categories?post=19715"},{"taxonomy":"post_tag","embeddable":true,"href":"https:\/\/blogdodanielgalvao.com.br\/site\/wp-json\/wp\/v2\/tags?post=19715"}],"curies":[{"name":"wp","href":"https:\/\/api.w.org\/{rel}","templated":true}]}}