{"id":19708,"date":"2025-06-15T08:00:45","date_gmt":"2025-06-15T11:00:45","guid":{"rendered":"https:\/\/blogdodanielgalvao.com.br\/site\/?p=19708"},"modified":"2025-06-14T12:48:14","modified_gmt":"2025-06-14T15:48:14","slug":"acao-conjunta-da-policia-civil-de-rio-das-ostras-e-da-pavuna-prende-foragido-da-justica","status":"publish","type":"post","link":"https:\/\/blogdodanielgalvao.com.br\/site\/acao-conjunta-da-policia-civil-de-rio-das-ostras-e-da-pavuna-prende-foragido-da-justica\/","title":{"rendered":"A\u00e7\u00e3o conjunta da Pol\u00edcia Civil de Rio das Ostras e da Pavuna prende foragido da Justi\u00e7a"},"content":{"rendered":"<p>Uma a\u00e7\u00e3o conjunta da 128\u00aa Delegacia de Pol\u00edcia Civil (128\u00aa DP), de Rio das Ostras, com a 39\u00aa DP, da Pavuna, no Rio, resultou na pris\u00e3o de um homem identificado como Nilson Alves de Souza, que estava foragido da Justi\u00e7a.<\/p>\n<p>Coordenados pela delegada Carla Ferr\u00e3o, titular da 128\u00aa DP, a a\u00e7\u00e3o foi respons\u00e1vel pela captura do criminoso, que foi encontrado em uma casa, na companhia do filho, na Estrada Calif\u00f3rnia, na antiga Fazenda do Alface, em Maca\u00e9.<\/p>\n<p>De acordo com a 128\u00aa DP, a pris\u00e3o aconteceu na manh\u00e3 da \u00faltima sexta-feira, 13, e foi resultado de um trabalho de intelig\u00eancia e cruzamento de informa\u00e7\u00f5es da Pol\u00edcia Civil, envolvendo tamb\u00e9m policiais da 39\u00aa DP, da Pavuna, na Zona Norte do Rio.<\/p>\n<p>Nilson Alves de Souza \u00e9 acusado de estuprar a pr\u00f3pria sobrinha, crime que aconteceu na cidade de Bom Jesus de Itabapoana, em 2013, quando a mesma era menor de idade. Levado para a 128\u00aa DP, de Rio das Ostras, onde aguarda transfer\u00eancia para o sistema prisional, ele vai responder pelo crime de estupro de vulner\u00e1vel, cuja pena pode chegar a 15 anos de pris\u00e3o.<\/p>\n","protected":false},"excerpt":{"rendered":"<p>Uma a\u00e7\u00e3o conjunta da 128\u00aa Delegacia de Pol\u00edcia Civil (128\u00aa DP), de Rio das Ostras, com a 39\u00aa DP, da Pavuna, no Rio, resultou na pris\u00e3o de um homem identificado como Nilson Alves de Souza, que estava foragido da Justi\u00e7a. Coordenados pela delegada Carla Ferr\u00e3o, titular da 128\u00aa DP, a a\u00e7\u00e3o foi respons\u00e1vel pela captura [&hellip;]<\/p>\n","protected":false},"author":2,"featured_media":19709,"comment_status":"open","ping_status":"open","sticky":true,"template":"","format":"standard","meta":{"footnotes":""},"categories":[1899],"tags":[],"class_list":["post-19708","post","type-post","status-publish","format-standard","has-post-thumbnail","hentry","category-policia"],"_links":{"self":[{"href":"https:\/\/blogdodanielgalvao.com.br\/site\/wp-json\/wp\/v2\/posts\/19708","targetHints":{"allow":["GET"]}}],"collection":[{"href":"https:\/\/blogdodanielgalvao.com.br\/site\/wp-json\/wp\/v2\/posts"}],"about":[{"href":"https:\/\/blogdodanielgalvao.com.br\/site\/wp-json\/wp\/v2\/types\/post"}],"author":[{"embeddable":true,"href":"https:\/\/blogdodanielgalvao.com.br\/site\/wp-json\/wp\/v2\/users\/2"}],"replies":[{"embeddable":true,"href":"https:\/\/blogdodanielgalvao.com.br\/site\/wp-json\/wp\/v2\/comments?post=19708"}],"version-history":[{"count":1,"href":"https:\/\/blogdodanielgalvao.com.br\/site\/wp-json\/wp\/v2\/posts\/19708\/revisions"}],"predecessor-version":[{"id":19710,"href":"https:\/\/blogdodanielgalvao.com.br\/site\/wp-json\/wp\/v2\/posts\/19708\/revisions\/19710"}],"wp:featuredmedia":[{"embeddable":true,"href":"https:\/\/blogdodanielgalvao.com.br\/site\/wp-json\/wp\/v2\/media\/19709"}],"wp:attachment":[{"href":"https:\/\/blogdodanielgalvao.com.br\/site\/wp-json\/wp\/v2\/media?parent=19708"}],"wp:term":[{"taxonomy":"category","embeddable":true,"href":"https:\/\/blogdodanielgalvao.com.br\/site\/wp-json\/wp\/v2\/categories?post=19708"},{"taxonomy":"post_tag","embeddable":true,"href":"https:\/\/blogdodanielgalvao.com.br\/site\/wp-json\/wp\/v2\/tags?post=19708"}],"curies":[{"name":"wp","href":"https:\/\/api.w.org\/{rel}","templated":true}]}}