{"id":19671,"date":"2025-06-13T16:31:34","date_gmt":"2025-06-13T19:31:34","guid":{"rendered":"https:\/\/blogdodanielgalvao.com.br\/site\/?p=19671"},"modified":"2025-06-13T16:31:34","modified_gmt":"2025-06-13T19:31:34","slug":"uniao-de-marica-anuncia-enredo-e-detalhes-do-processo-da-escolha-do-samba-de-2026","status":"publish","type":"post","link":"https:\/\/blogdodanielgalvao.com.br\/site\/uniao-de-marica-anuncia-enredo-e-detalhes-do-processo-da-escolha-do-samba-de-2026\/","title":{"rendered":"Uni\u00e3o de Maric\u00e1 anuncia enredo e detalhes do processo da escolha do samba de 2026"},"content":{"rendered":"<p>A escola de samba Uni\u00e3o de Maric\u00e1 divulgou nessa quinta-feira, 12, o seu calend\u00e1rio completo da disputa visando a escolha do samba para o Carnaval do Rio em 2026, que ter\u00e1 como enredo \u201cBerenguend\u00e9ns e Balangand\u00e3s\u201d, assinado pelo carnavalesco Leandro Vieira.<\/p>\n<p>Para a disputa de sambas que escolher\u00e1 a can\u00e7\u00e3o que vai embalar a escola na S\u00e9rie Ouro do ano que vem, a Uni\u00e3o de Maric\u00e1 promete mergulhar no universo das joias que s\u00e3o s\u00edmbolos de identidade, ancestralidade e resist\u00eancia presentes na cultura negra.<\/p>\n<p>A divulga\u00e7\u00e3o da sinopse ser\u00e1 feita na pr\u00f3xima segunda-feira, 16, \u00e0s 19h, nas redes sociais da escola, que prev\u00ea ainda uma s\u00e9rie de encontros com os compositores espec\u00edficos interessados em participar da disputa.<\/p>\n<p>O objetivo dos encontros, que acontecer\u00e3o no barrac\u00e3o, em S\u00e3o Crist\u00f3v\u00e3o, nos dias 23 e 30 de junho e 14 de julho, e na quadra da escola, no dia 7 de julho, \u00e9 debater detalhes da proposta e estimular a cria\u00e7\u00e3o de sambas alinhados ao enredo, tirando d\u00favidas dos compositores.<\/p>\n<p>Al\u00e9m da divulga\u00e7\u00e3o do enredo, a Uni\u00e3o de Maric\u00e1 anunciou tamb\u00e9m o per\u00edodo de inscri\u00e7\u00f5es para os sambas concorrentes, que devem ser entregues no dia 29 de julho, \u00e0s 19h, na quadra na escola, no centro da cidade.<\/p>\n<p>Segundo a agremia\u00e7\u00e3o, a disputa tamb\u00e9m j\u00e1 tem data marcada, acontecendo ao longo do m\u00eas de agosto, dividida em 4 etapas, duas eliminat\u00f3rias nos dias 1 e 8, com as semifinais no dia 22 e a grande final no dia 29.<\/p>\n<p>Para o diretor de carnaval Wilsinho Alves, o an\u00fancio antecipado do calend\u00e1rio refor\u00e7a o compromisso da escola com a organiza\u00e7\u00e3o e a valoriza\u00e7\u00e3o dos compositores, e a expectativa \u00e9 de uma disputa rica em conte\u00fado e musicalidade.<\/p>\n<p>\u201cO planejamento \u00e9 fundamental. Divulgar esse calend\u00e1rio com anteced\u00eancia permite que os compositores se preparem com qualidade, estudem a sinopse com profundidade e entreguem sambas que reflitam toda a riqueza do enredo que vamos levar para a Marqu\u00eas de Sapuca\u00ed. N\u00e3o tenho d\u00favidas de que teremos mais uma linda obra\u201d, disse Wilsinho Alves.<\/p>\n<p>Para o Carnaval do Rio de 2026, a Uni\u00e3o de Maric\u00e1 ser\u00e1 a 6\u00aa escola a desfilar no s\u00e1bado, dia 14 de fevereiro, na Marqu\u00eas de Sapuca\u00ed, em busca do t\u00e3o sonhado t\u00edtulo da S\u00e9rie Ouro, o antigo Grupo de Acesso, que garante um lugar no Grupo Especial em 2027.<\/p>\n","protected":false},"excerpt":{"rendered":"<p>A escola de samba Uni\u00e3o de Maric\u00e1 divulgou nessa quinta-feira, 12, o seu calend\u00e1rio completo da disputa visando a escolha do samba para o Carnaval do Rio em 2026, que ter\u00e1 como enredo \u201cBerenguend\u00e9ns e Balangand\u00e3s\u201d, assinado pelo carnavalesco Leandro Vieira. Para a disputa de sambas que escolher\u00e1 a can\u00e7\u00e3o que vai embalar a escola [&hellip;]<\/p>\n","protected":false},"author":2,"featured_media":19672,"comment_status":"open","ping_status":"open","sticky":true,"template":"","format":"standard","meta":{"footnotes":""},"categories":[299],"tags":[1896],"class_list":["post-19671","post","type-post","status-publish","format-standard","has-post-thumbnail","hentry","category-marica","tag-destaque"],"_links":{"self":[{"href":"https:\/\/blogdodanielgalvao.com.br\/site\/wp-json\/wp\/v2\/posts\/19671","targetHints":{"allow":["GET"]}}],"collection":[{"href":"https:\/\/blogdodanielgalvao.com.br\/site\/wp-json\/wp\/v2\/posts"}],"about":[{"href":"https:\/\/blogdodanielgalvao.com.br\/site\/wp-json\/wp\/v2\/types\/post"}],"author":[{"embeddable":true,"href":"https:\/\/blogdodanielgalvao.com.br\/site\/wp-json\/wp\/v2\/users\/2"}],"replies":[{"embeddable":true,"href":"https:\/\/blogdodanielgalvao.com.br\/site\/wp-json\/wp\/v2\/comments?post=19671"}],"version-history":[{"count":1,"href":"https:\/\/blogdodanielgalvao.com.br\/site\/wp-json\/wp\/v2\/posts\/19671\/revisions"}],"predecessor-version":[{"id":19673,"href":"https:\/\/blogdodanielgalvao.com.br\/site\/wp-json\/wp\/v2\/posts\/19671\/revisions\/19673"}],"wp:featuredmedia":[{"embeddable":true,"href":"https:\/\/blogdodanielgalvao.com.br\/site\/wp-json\/wp\/v2\/media\/19672"}],"wp:attachment":[{"href":"https:\/\/blogdodanielgalvao.com.br\/site\/wp-json\/wp\/v2\/media?parent=19671"}],"wp:term":[{"taxonomy":"category","embeddable":true,"href":"https:\/\/blogdodanielgalvao.com.br\/site\/wp-json\/wp\/v2\/categories?post=19671"},{"taxonomy":"post_tag","embeddable":true,"href":"https:\/\/blogdodanielgalvao.com.br\/site\/wp-json\/wp\/v2\/tags?post=19671"}],"curies":[{"name":"wp","href":"https:\/\/api.w.org\/{rel}","templated":true}]}}