{"id":19668,"date":"2025-06-13T15:44:49","date_gmt":"2025-06-13T18:44:49","guid":{"rendered":"https:\/\/blogdodanielgalvao.com.br\/site\/?p=19668"},"modified":"2025-06-13T15:44:49","modified_gmt":"2025-06-13T18:44:49","slug":"disputa-entre-poder-publico-e-movimentos-sociais-marca-organizacao-das-paradas-em-cabo-frio","status":"publish","type":"post","link":"https:\/\/blogdodanielgalvao.com.br\/site\/disputa-entre-poder-publico-e-movimentos-sociais-marca-organizacao-das-paradas-em-cabo-frio\/","title":{"rendered":"Disputa entre poder p\u00fablico e movimentos sociais marca organiza\u00e7\u00e3o das paradas em Cabo Frio"},"content":{"rendered":"<p>Em meio a debates e disputas, Cabo Frio ter\u00e1 duas Paradas do Orgulho LGBTI+ em 2025: uma promovida pela Prefeitura e outra pelo tradicional Grupo Iguais, que organiza a manifesta\u00e7\u00e3o h\u00e1 quase 20 anos.<\/p>\n<p>O Grupo Iguais divulgou recentemente a agenda oficial das paradas na Regi\u00e3o dos Lagos e Baixada Litor\u00e2nea, mantendo sua data para a Parada de Cabo Frio no dia 12 de outubro, independentemente do evento organizado pela prefeitura. Al\u00e9m de Cabo Frio, a agenda inclui B\u00fazios (6\/7), Maca\u00e9 (20\/7), Rio das Ostras (16\/8), S\u00e3o Pedro da Aldeia (14\/9) e Arraial do Cabo (7\/9).<\/p>\n<p>O presidente do Grupo Iguais, Rodolpho Campbell, informou que recorreu ao Minist\u00e9rio P\u00fablico e \u00e0 Defensoria P\u00fablica do Estado do Rio de Janeiro para garantir a realiza\u00e7\u00e3o da parada organizada pelo movimento social. Campbell afirmou que, apesar da prefeitura n\u00e3o apoiar oficialmente, o evento ocorrer\u00e1 com ou sem autoriza\u00e7\u00e3o, inclusive com possibilidade de mandato de seguran\u00e7a.<\/p>\n<p>Essa disputa ganhou mais for\u00e7a ap\u00f3s reuni\u00e3o em 3 de junho, quando o secret\u00e1rio de Cultura de Cabo Frio, Carlos Ernesto Lopes, comunicou que a prefeitura n\u00e3o disponibilizaria estrutura para a 20\u00aa Parada do Grupo Iguais, e que, do ponto de vista da autoriza\u00e7\u00e3o, seria dif\u00edcil liberar o evento devido a outras programa\u00e7\u00f5es oficiais da prefeitura \u2014 embora nada estivesse formalizado no calend\u00e1rio.<\/p>\n<p>At\u00e9 o ano passado, a Parada em Cabo Frio era organizada exclusivamente por movimentos sociais, com o apoio indireto da prefeitura, que fornecia seguran\u00e7a e infraestrutura. A Superintendente LGBTI+ da prefeitura, B\u00e1rbara Barrozo, destacou em entrevista de fevereiro que a gest\u00e3o municipal pretendia retomar o evento para \u201ctrazer de volta as fam\u00edlias\u201d e ampliar o alcance da celebra\u00e7\u00e3o.<\/p>\n<p>No in\u00edcio do m\u00eas, as prefeituras de Cabo Frio e Arraial do Cabo anunciaram a realiza\u00e7\u00e3o de paradas conjuntas, nos dias 6 de setembro em Cabo Frio e 7 de setembro em Arraial do Cabo. O tema escolhido para ambas \u00e9 \u201cOrgulho \u00e9 Resist\u00eancia, Arte \u00e9 Exist\u00eancia\u201d, refor\u00e7ando o papel da cultura na transforma\u00e7\u00e3o social e no combate \u00e0 discrimina\u00e7\u00e3o.<\/p>\n<p>No entanto, o Grupo Iguais rejeitou integrar esse movimento conjunto, alegando que a organiza\u00e7\u00e3o da Parada deve permanecer nas m\u00e3os dos movimentos sociais, para evitar a politiza\u00e7\u00e3o e garantir a independ\u00eancia do evento.<\/p>\n<p>Outro cap\u00edtulo dessa pol\u00eamica foi a aprova\u00e7\u00e3o, no in\u00edcio do ano pela C\u00e2mara Municipal, de um projeto que retirou a Parada de Cabo Frio do calend\u00e1rio oficial de eventos. Segundo a justificativa da prefeitura, a situa\u00e7\u00e3o financeira da cidade inviabilizava investimentos para apoiar a manifesta\u00e7\u00e3o, uma decis\u00e3o criticada por organiza\u00e7\u00f5es nacionais.<\/p>\n<p>O Manchete Lagos solicitou posicionamento em v\u00eddeo tanto \u00e0 prefeitura quanto ao Grupo Iguais sobre a situa\u00e7\u00e3o das Paradas. Apenas o Grupo Iguais respondeu, enviando material para publica\u00e7\u00e3o.<\/p>\n<p>&nbsp;<\/p>\n<p><strong>Confira as datas das Paradas LGBTI+ na Regi\u00e3o:<\/strong><\/p>\n<p>&nbsp;<\/p>\n<p><strong>Paradas conjuntas Cabo Frio \/ Arraial do Cabo<\/strong><\/p>\n<p>* 6 de setembro \u2013 Cabo Frio<\/p>\n<p>* 7 de setembro \u2013 Arraial do Cabo<\/p>\n<p>&nbsp;<\/p>\n<p><strong>Paradas organizadas por movimentos sociais<\/strong><\/p>\n<p>* 6 de julho \u2013 B\u00fazios<\/p>\n<p>* 20 de julho \u2013 Maca\u00e9<\/p>\n<p>* 16 de agosto \u2013 Rio das Ostras<\/p>\n<p>* 14 de setembro \u2013 S\u00e3o Pedro da Aldeia<\/p>\n<p>* 12 de outubro \u2013 Cabo Frio\u00a0(Grupo\u00a0Iguais)<\/p>\n","protected":false},"excerpt":{"rendered":"<p>Em meio a debates e disputas, Cabo Frio ter\u00e1 duas Paradas do Orgulho LGBTI+ em 2025: uma promovida pela Prefeitura e outra pelo tradicional Grupo Iguais, que organiza a manifesta\u00e7\u00e3o h\u00e1 quase 20 anos. O Grupo Iguais divulgou recentemente a agenda oficial das paradas na Regi\u00e3o dos Lagos e Baixada Litor\u00e2nea, mantendo sua data para [&hellip;]<\/p>\n","protected":false},"author":2,"featured_media":19669,"comment_status":"open","ping_status":"open","sticky":true,"template":"","format":"standard","meta":{"footnotes":""},"categories":[340],"tags":[1896],"class_list":["post-19668","post","type-post","status-publish","format-standard","has-post-thumbnail","hentry","category-cabo-frio","tag-destaque"],"_links":{"self":[{"href":"https:\/\/blogdodanielgalvao.com.br\/site\/wp-json\/wp\/v2\/posts\/19668","targetHints":{"allow":["GET"]}}],"collection":[{"href":"https:\/\/blogdodanielgalvao.com.br\/site\/wp-json\/wp\/v2\/posts"}],"about":[{"href":"https:\/\/blogdodanielgalvao.com.br\/site\/wp-json\/wp\/v2\/types\/post"}],"author":[{"embeddable":true,"href":"https:\/\/blogdodanielgalvao.com.br\/site\/wp-json\/wp\/v2\/users\/2"}],"replies":[{"embeddable":true,"href":"https:\/\/blogdodanielgalvao.com.br\/site\/wp-json\/wp\/v2\/comments?post=19668"}],"version-history":[{"count":1,"href":"https:\/\/blogdodanielgalvao.com.br\/site\/wp-json\/wp\/v2\/posts\/19668\/revisions"}],"predecessor-version":[{"id":19670,"href":"https:\/\/blogdodanielgalvao.com.br\/site\/wp-json\/wp\/v2\/posts\/19668\/revisions\/19670"}],"wp:featuredmedia":[{"embeddable":true,"href":"https:\/\/blogdodanielgalvao.com.br\/site\/wp-json\/wp\/v2\/media\/19669"}],"wp:attachment":[{"href":"https:\/\/blogdodanielgalvao.com.br\/site\/wp-json\/wp\/v2\/media?parent=19668"}],"wp:term":[{"taxonomy":"category","embeddable":true,"href":"https:\/\/blogdodanielgalvao.com.br\/site\/wp-json\/wp\/v2\/categories?post=19668"},{"taxonomy":"post_tag","embeddable":true,"href":"https:\/\/blogdodanielgalvao.com.br\/site\/wp-json\/wp\/v2\/tags?post=19668"}],"curies":[{"name":"wp","href":"https:\/\/api.w.org\/{rel}","templated":true}]}}