{"id":19628,"date":"2025-06-13T11:03:24","date_gmt":"2025-06-13T14:03:24","guid":{"rendered":"https:\/\/blogdodanielgalvao.com.br\/site\/?p=19628"},"modified":"2025-06-13T11:03:24","modified_gmt":"2025-06-13T14:03:24","slug":"nova-pista-do-aeroporto-de-macae-devera-ser-inaugurada-na-proxima-terca-feira-17","status":"publish","type":"post","link":"https:\/\/blogdodanielgalvao.com.br\/site\/nova-pista-do-aeroporto-de-macae-devera-ser-inaugurada-na-proxima-terca-feira-17\/","title":{"rendered":"Nova pista do Aeroporto de Maca\u00e9 dever\u00e1 ser inaugurada na pr\u00f3xima ter\u00e7a-feira (17)"},"content":{"rendered":"<p>A Zurich Airport Brasil dever\u00e1 receber na pr\u00f3xima semana a cerim\u00f4nia de inaugura\u00e7\u00e3o da nova pista do Aeroporto de Maca\u00e9. A previs\u00e3o \u00e9 que o evento seja realizado na pr\u00f3xima ter\u00e7a-feira (17) \u00e0s 15h. A obra representa um marco para a cidade e custou um investimento de R$ 220 milh\u00f5es por parte da concession\u00e1ria su\u00ed\u00e7a.<\/p>\n<p>Com a nova pista, o Aeroporto de Maca\u00e9 promete ampliar sua capacidade de opera\u00e7\u00e3o. A medida se faz necess\u00e1ria para atender a nova demanda no munic\u00edpio, especialmente do setor offshore. A cidade atualmente \u00e9 vista como um hub estrat\u00e9gico para atividades da cadeia de petr\u00f3leo e g\u00e1s na Bacia de Campos.<\/p>\n<p>A nova pista conta com uma extens\u00e3o de 1.410 metros. Ela foi projetada para suportar aeronaves maiores garantindo assim mais seguran\u00e7a durante as opera\u00e7\u00f5es. Segundo informa\u00e7\u00f5es, a cerim\u00f4nia de inaugura\u00e7\u00e3o dever\u00e1 contar com a presen\u00e7a do Ministro de Portos e Aeroportos, Silvio Costa Filho. Executivos da Zurich e autoridades locais como o prefeito Welberth tamb\u00e9m devem estar presentes na cerim\u00f4nia.<\/p>\n","protected":false},"excerpt":{"rendered":"<p>A Zurich Airport Brasil dever\u00e1 receber na pr\u00f3xima semana a cerim\u00f4nia de inaugura\u00e7\u00e3o da nova pista do Aeroporto de Maca\u00e9. A previs\u00e3o \u00e9 que o evento seja realizado na pr\u00f3xima ter\u00e7a-feira (17) \u00e0s 15h. A obra representa um marco para a cidade e custou um investimento de R$ 220 milh\u00f5es por parte da concession\u00e1ria su\u00ed\u00e7a. [&hellip;]<\/p>\n","protected":false},"author":2,"featured_media":19630,"comment_status":"open","ping_status":"open","sticky":true,"template":"","format":"standard","meta":{"footnotes":""},"categories":[2],"tags":[2862],"class_list":["post-19628","post","type-post","status-publish","format-standard","has-post-thumbnail","hentry","category-macae","tag-aeroporto-macae"],"_links":{"self":[{"href":"https:\/\/blogdodanielgalvao.com.br\/site\/wp-json\/wp\/v2\/posts\/19628","targetHints":{"allow":["GET"]}}],"collection":[{"href":"https:\/\/blogdodanielgalvao.com.br\/site\/wp-json\/wp\/v2\/posts"}],"about":[{"href":"https:\/\/blogdodanielgalvao.com.br\/site\/wp-json\/wp\/v2\/types\/post"}],"author":[{"embeddable":true,"href":"https:\/\/blogdodanielgalvao.com.br\/site\/wp-json\/wp\/v2\/users\/2"}],"replies":[{"embeddable":true,"href":"https:\/\/blogdodanielgalvao.com.br\/site\/wp-json\/wp\/v2\/comments?post=19628"}],"version-history":[{"count":1,"href":"https:\/\/blogdodanielgalvao.com.br\/site\/wp-json\/wp\/v2\/posts\/19628\/revisions"}],"predecessor-version":[{"id":19631,"href":"https:\/\/blogdodanielgalvao.com.br\/site\/wp-json\/wp\/v2\/posts\/19628\/revisions\/19631"}],"wp:featuredmedia":[{"embeddable":true,"href":"https:\/\/blogdodanielgalvao.com.br\/site\/wp-json\/wp\/v2\/media\/19630"}],"wp:attachment":[{"href":"https:\/\/blogdodanielgalvao.com.br\/site\/wp-json\/wp\/v2\/media?parent=19628"}],"wp:term":[{"taxonomy":"category","embeddable":true,"href":"https:\/\/blogdodanielgalvao.com.br\/site\/wp-json\/wp\/v2\/categories?post=19628"},{"taxonomy":"post_tag","embeddable":true,"href":"https:\/\/blogdodanielgalvao.com.br\/site\/wp-json\/wp\/v2\/tags?post=19628"}],"curies":[{"name":"wp","href":"https:\/\/api.w.org\/{rel}","templated":true}]}}