{"id":19623,"date":"2025-06-12T18:38:04","date_gmt":"2025-06-12T21:38:04","guid":{"rendered":"https:\/\/blogdodanielgalvao.com.br\/site\/?p=19623"},"modified":"2025-06-12T18:38:04","modified_gmt":"2025-06-12T21:38:04","slug":"edicao-do-rio-das-ostras-jazz-blues-festival-contara-com-acoes-de-sustentabilidade","status":"publish","type":"post","link":"https:\/\/blogdodanielgalvao.com.br\/site\/edicao-do-rio-das-ostras-jazz-blues-festival-contara-com-acoes-de-sustentabilidade\/","title":{"rendered":"Edi\u00e7\u00e3o do Rio das Ostras Jazz &#038; Blues Festival contar\u00e1 com a\u00e7\u00f5es de sustentabilidade"},"content":{"rendered":"<p>Come\u00e7a na pr\u00f3xima quinta-feira, 19, o Rio das Ostras Jazz &amp; Blues Festival, que acontece de 19 a 22 de junho, aproveitando o feriad\u00e3o de Corpus Christi, reunindo grandes nomes da m\u00fasica nacional e internacional.<\/p>\n<p>Mas al\u00e9m do som de guitarras, teclados e metais, o evento tamb\u00e9m traz a\u00e7\u00f5es voltadas para a sustentabilidade e o meio ambiente, como as promovidas pela Seagems, empresa brasileira especializada em engenharia submarina.<\/p>\n<p>Durante os 4 dias de festival a empresa investir\u00e1 na coleta e triagem de mais de 5,5 toneladas de res\u00edduos, com a expectativa de alcan\u00e7ar um \u00edndice de reaproveitamento superior a 78%, e neutralizar aproximadamente 10,5 quilos (kg) de di\u00f3xido de carbono (CO\u2082) equivalente.<\/p>\n<p>Segundo a Seagems, a iniciativa ser\u00e1 realizada em parceria com a Sir\u00ed, organiza\u00e7\u00e3o socioambiental com atua\u00e7\u00e3o no litoral fluminense, e tem como objetivo principal promover a economia circular e sensibilizar o p\u00fablico e parceiros para pr\u00e1ticas mais sustent\u00e1veis.<\/p>\n<p>A empresa lembra que, de acordo com a produ\u00e7\u00e3o do Rio das Ostras Jazz &amp; Blues Festival, a expectativa \u00e9 de um p\u00fablico estimado de 100 mil pessoas para assistir aos mais de 30 shows nos 5 palcos espalhados por toda a cidade.<\/p>\n<p>\u201cInvestir em iniciativas como essas \u00e9 uma forma concreta de traduzirmos os nossos valores em a\u00e7\u00f5es que impactam positivamente o ambiente e a sociedade. Ao levar educa\u00e7\u00e3o ambiental, gest\u00e3o adequada de res\u00edduos e mobiliza\u00e7\u00e3o da comunidade para um evento da dimens\u00e3o do Jazz &amp; Blues, refor\u00e7amos o nosso compromisso com uma atua\u00e7\u00e3o \u00e9tica, consciente e respons\u00e1vel. Nossa presen\u00e7a vai al\u00e9m do patroc\u00ednio. Queremos transformar a forma como as pessoas se relacionam com o espa\u00e7o p\u00fablico e com o meio ambiente, em linha com os compromissos ESG que fazem parte da ess\u00eancia da Seagems\u201d, contou a diretora de Recursos Humanos (RH) da companhia, Glaucia Maciel.<\/p>\n<p>Al\u00e9m das a\u00e7\u00f5es de coleta e triagem, a Seagems, que \u00e9 patrocinadora do festival desde 2019, tamb\u00e9m contar\u00e1 com outras atividades durante o evento, como o Espa\u00e7o da Sustentabilidade, pr\u00f3ximo \u00e0 Casa do Jazz, e o Mutir\u00e3o de Limpeza da Lagoa de Iriry, onde estar\u00e1 1 dos 5 palcos da edi\u00e7\u00e3o desse ano.<\/p>\n<p>\u201cMais do que um encontro de grandes artistas, o Rio das Ostras Jazz &amp; Blues Festival \u00e9 uma oportunidade de inspirar transforma\u00e7\u00f5es reais na forma como ocupamos os espa\u00e7os p\u00fablicos. A parceria com a Seagems fortalece uma agenda alinhada aos ODS (Objetivos de Desenvolvimento Sustent\u00e1vel) da ONU (Organiza\u00e7\u00e3o das Na\u00e7\u00f5es Unidas), que j\u00e1 faz parte da identidade do festival e que, a cada edi\u00e7\u00e3o, ganha mais profundidade. Eu sou engenheiro ambiental de forma\u00e7\u00e3o, ent\u00e3o vejo com orgulho o papel que a cultura pode ter na promo\u00e7\u00e3o da sustentabilidade e da consci\u00eancia coletiva\u201d, avalia o diretor do festival e produtor cultural, Stenio Mattos.<\/p>\n<p>Para a edi\u00e7\u00e3o 2025 do Rio das Ostras Jazz &amp; Blues Festival, est\u00e3o confirmados shows de Alfredo Rodr\u00edguez, Jos\u00e9 James, Mike Stern, Coco Montoya, Mitch Woods, JJ Thames, OZMA French Explosive Jazz, Amaro Freitas, Rodrigo Suricato, Banda Black Rio, e Rosa Marya Colin, entre outras atra\u00e7\u00f5es, todas gratuitas.<\/p>\n<p>Especializada em solu\u00e7\u00f5es pr\u00e1ticas de engenharia submarina, a\u00a0Seagems\u00a0atua no setor offshore da ind\u00fastria de energia, com escrit\u00f3rios no Rio e em Viena, na \u00c1ustria, al\u00e9m de Rio das Ostras, com contratos de longo prazo para toda a frota a servi\u00e7o da Petrobras.<\/p>\n","protected":false},"excerpt":{"rendered":"<p>Come\u00e7a na pr\u00f3xima quinta-feira, 19, o Rio das Ostras Jazz &amp; Blues Festival, que acontece de 19 a 22 de junho, aproveitando o feriad\u00e3o de Corpus Christi, reunindo grandes nomes da m\u00fasica nacional e internacional. Mas al\u00e9m do som de guitarras, teclados e metais, o evento tamb\u00e9m traz a\u00e7\u00f5es voltadas para a sustentabilidade e o [&hellip;]<\/p>\n","protected":false},"author":2,"featured_media":19624,"comment_status":"open","ping_status":"open","sticky":true,"template":"","format":"standard","meta":{"footnotes":""},"categories":[2331],"tags":[2861],"class_list":["post-19623","post","type-post","status-publish","format-standard","has-post-thumbnail","hentry","category-cultura","tag-edicao-do-rio-das-ostras-jazz-blues-festival-contara-com-acoes-de-sustentabilidade"],"_links":{"self":[{"href":"https:\/\/blogdodanielgalvao.com.br\/site\/wp-json\/wp\/v2\/posts\/19623","targetHints":{"allow":["GET"]}}],"collection":[{"href":"https:\/\/blogdodanielgalvao.com.br\/site\/wp-json\/wp\/v2\/posts"}],"about":[{"href":"https:\/\/blogdodanielgalvao.com.br\/site\/wp-json\/wp\/v2\/types\/post"}],"author":[{"embeddable":true,"href":"https:\/\/blogdodanielgalvao.com.br\/site\/wp-json\/wp\/v2\/users\/2"}],"replies":[{"embeddable":true,"href":"https:\/\/blogdodanielgalvao.com.br\/site\/wp-json\/wp\/v2\/comments?post=19623"}],"version-history":[{"count":1,"href":"https:\/\/blogdodanielgalvao.com.br\/site\/wp-json\/wp\/v2\/posts\/19623\/revisions"}],"predecessor-version":[{"id":19625,"href":"https:\/\/blogdodanielgalvao.com.br\/site\/wp-json\/wp\/v2\/posts\/19623\/revisions\/19625"}],"wp:featuredmedia":[{"embeddable":true,"href":"https:\/\/blogdodanielgalvao.com.br\/site\/wp-json\/wp\/v2\/media\/19624"}],"wp:attachment":[{"href":"https:\/\/blogdodanielgalvao.com.br\/site\/wp-json\/wp\/v2\/media?parent=19623"}],"wp:term":[{"taxonomy":"category","embeddable":true,"href":"https:\/\/blogdodanielgalvao.com.br\/site\/wp-json\/wp\/v2\/categories?post=19623"},{"taxonomy":"post_tag","embeddable":true,"href":"https:\/\/blogdodanielgalvao.com.br\/site\/wp-json\/wp\/v2\/tags?post=19623"}],"curies":[{"name":"wp","href":"https:\/\/api.w.org\/{rel}","templated":true}]}}