{"id":19614,"date":"2025-06-12T17:46:58","date_gmt":"2025-06-12T20:46:58","guid":{"rendered":"https:\/\/blogdodanielgalvao.com.br\/site\/?p=19614"},"modified":"2025-06-12T18:00:15","modified_gmt":"2025-06-12T21:00:15","slug":"avanco-na-saude-pronto-socorro-da-imbetiba-passara-a-funcionar-em-nova-unidade1","status":"publish","type":"post","link":"https:\/\/blogdodanielgalvao.com.br\/site\/avanco-na-saude-pronto-socorro-da-imbetiba-passara-a-funcionar-em-nova-unidade1\/","title":{"rendered":"Avan\u00e7o na sa\u00fade: Pronto-Socorro da Imbetiba passar\u00e1 a funcionar em nova unidade"},"content":{"rendered":"<p>O Pronto-Socorro da Imbetiba em breve passar\u00e1 a ter um novo endere\u00e7o em Maca\u00e9. A informa\u00e7\u00e3o foi divulgada pelo pr\u00f3prio prefeito Welberth Rezende por meio de suas redes sociais. Na publica\u00e7\u00e3o, o chefe do Executivo afirmou que a Prefeitura est\u00e1 adquirindo o antigo Hospital da Unimed no Centro da Cidade, para que ele abrigue a unidade que hoje funciona na Imbetiba.<\/p>\n<p>\u201cEstou aqui para dar uma boa not\u00edcia para voc\u00eas na quest\u00e3o da sa\u00fade. Estou aqui onde era o antigo Hospital da Unimed, no Centro da cidade. N\u00f3s estamos desapropriando esse espa\u00e7o para colocar aqui o Pronto-Socorro da Imbetiba. O que funciona na Imbetiba ficou em um espa\u00e7o muito reduzido. Ent\u00e3o n\u00f3s estamos nesse primeiro momento comprando essa parte que era da antiga pediatria e vamos trazer pra c\u00e1 o pronto-socorro municipal\u201d, explicou o prefeito.<\/p>\n<p>Welberth informou tamb\u00e9m que ser\u00e3o feitos novos investimentos no futuro por parte da Prefeitura envolvendo o pr\u00e9dio do antigo Hospital da Unimed.<\/p>\n<p>\u201cN\u00f3s j\u00e1 demos entrada tamb\u00e9m para que em um segundo momento a gente possa pegar o restante do hospital e l\u00e1 fazer um centro de refer\u00eancia na quest\u00e3o das cirurgias. Vale lembrar que o espa\u00e7o que \u00e9 utilizado hoje para ser o pronto-socorro municipal vai se tornar um centro de sa\u00fade para o servidor municipal. Estamos aqui, trabalhando para ter uma sa\u00fade cada vez mais forte em Maca\u00e9\u201d, encerrou o prefeito.<\/p>\n","protected":false},"excerpt":{"rendered":"<p>O Pronto-Socorro da Imbetiba em breve passar\u00e1 a ter um novo endere\u00e7o em Maca\u00e9. A informa\u00e7\u00e3o foi divulgada pelo pr\u00f3prio prefeito Welberth Rezende por meio de suas redes sociais. Na publica\u00e7\u00e3o, o chefe do Executivo afirmou que a Prefeitura est\u00e1 adquirindo o antigo Hospital da Unimed no Centro da Cidade, para que ele abrigue a [&hellip;]<\/p>\n","protected":false},"author":2,"featured_media":19619,"comment_status":"open","ping_status":"open","sticky":true,"template":"","format":"standard","meta":{"footnotes":""},"categories":[2113],"tags":[],"class_list":["post-19614","post","type-post","status-publish","format-standard","has-post-thumbnail","hentry","category-saude"],"_links":{"self":[{"href":"https:\/\/blogdodanielgalvao.com.br\/site\/wp-json\/wp\/v2\/posts\/19614","targetHints":{"allow":["GET"]}}],"collection":[{"href":"https:\/\/blogdodanielgalvao.com.br\/site\/wp-json\/wp\/v2\/posts"}],"about":[{"href":"https:\/\/blogdodanielgalvao.com.br\/site\/wp-json\/wp\/v2\/types\/post"}],"author":[{"embeddable":true,"href":"https:\/\/blogdodanielgalvao.com.br\/site\/wp-json\/wp\/v2\/users\/2"}],"replies":[{"embeddable":true,"href":"https:\/\/blogdodanielgalvao.com.br\/site\/wp-json\/wp\/v2\/comments?post=19614"}],"version-history":[{"count":1,"href":"https:\/\/blogdodanielgalvao.com.br\/site\/wp-json\/wp\/v2\/posts\/19614\/revisions"}],"predecessor-version":[{"id":19616,"href":"https:\/\/blogdodanielgalvao.com.br\/site\/wp-json\/wp\/v2\/posts\/19614\/revisions\/19616"}],"wp:featuredmedia":[{"embeddable":true,"href":"https:\/\/blogdodanielgalvao.com.br\/site\/wp-json\/wp\/v2\/media\/19619"}],"wp:attachment":[{"href":"https:\/\/blogdodanielgalvao.com.br\/site\/wp-json\/wp\/v2\/media?parent=19614"}],"wp:term":[{"taxonomy":"category","embeddable":true,"href":"https:\/\/blogdodanielgalvao.com.br\/site\/wp-json\/wp\/v2\/categories?post=19614"},{"taxonomy":"post_tag","embeddable":true,"href":"https:\/\/blogdodanielgalvao.com.br\/site\/wp-json\/wp\/v2\/tags?post=19614"}],"curies":[{"name":"wp","href":"https:\/\/api.w.org\/{rel}","templated":true}]}}