{"id":19611,"date":"2025-06-12T17:31:49","date_gmt":"2025-06-12T20:31:49","guid":{"rendered":"https:\/\/blogdodanielgalvao.com.br\/site\/?p=19611"},"modified":"2025-06-12T17:31:49","modified_gmt":"2025-06-12T20:31:49","slug":"educacao-e-destaque-nas-comemoracoes-pelos-36-anos-de-quissama-com-entrega-de-colegio-reformado","status":"publish","type":"post","link":"https:\/\/blogdodanielgalvao.com.br\/site\/educacao-e-destaque-nas-comemoracoes-pelos-36-anos-de-quissama-com-entrega-de-colegio-reformado\/","title":{"rendered":"Educa\u00e7\u00e3o \u00e9 destaque nas comemora\u00e7\u00f5es pelos 36 anos de Quissam\u00e3 com entrega de col\u00e9gio reformado"},"content":{"rendered":"<p>O bairro Santa Catarina foi palco de uma importante conquista nesta quarta-feira (11), com a entrega oficial da amplia\u00e7\u00e3o e revitaliza\u00e7\u00e3o do Centro Municipal de Educa\u00e7\u00e3o Infantil (CMEI) Raquel Maria de Queir\u00f3s Mattoso. A solenidade contou com a presen\u00e7a do prefeito Marcelo Batista, da vice-prefeita e secret\u00e1ria de Sa\u00fade, Sabrine Pereira, al\u00e9m de autoridades municipais. A a\u00e7\u00e3o integra a programa\u00e7\u00e3o em comemora\u00e7\u00e3o aos 36 anos de emancipa\u00e7\u00e3o pol\u00edtico-administrativa do munic\u00edpio de Quissam\u00e3.<\/p>\n<p>Executada pela Prefeitura de Quissam\u00e3, por meio das secretarias de Obras, Servi\u00e7os P\u00fablicos e Urbanismo (SEMOB) e de Educa\u00e7\u00e3o (SEMED), a interven\u00e7\u00e3o trouxe melhorias significativas \u00e0 estrutura da unidade. A escola passou a contar com duas novas salas pedag\u00f3gicas, brinquedoteca e banheiros, ampliando sua capacidade de atendimento e oferecendo um ambiente ainda mais acolhedor e funcional para o desenvolvimento das crian\u00e7as de 0 a 4 anos.<\/p>\n<p>Atualmente, o CMEI Raquel Mattoso atende 120 alunos em per\u00edodo integral, com o apoio de uma equipe de 65 profissionais. A unidade oferece servi\u00e7os em regime de creche para crian\u00e7as de 0 a 3 anos, al\u00e9m da pr\u00e9-escola para alunos de 4 a 5 anos, reafirmando o compromisso do munic\u00edpio com a valoriza\u00e7\u00e3o da educa\u00e7\u00e3o infantil e o bem-estar das fam\u00edlias quissamaenses.<\/p>\n<p>O prefeito Marcelo Batista esteve presente na solenidade e destacou o compromisso da gest\u00e3o com a educa\u00e7\u00e3o de qualidade. \u201c\u00c9 uma alegria imensa participar desse momento. Essa obra, iniciada na gest\u00e3o da ex-prefeita F\u00e1tima Pacheco, \u00e9 fruto do trabalho conjunto e de uma pol\u00edtica p\u00fablica que transforma realidades. Investir na primeira inf\u00e2ncia \u00e9 investir no futuro\u201d, afirmou.<\/p>\n<p>A vice-prefeita Sabrine Pereira refor\u00e7ou a import\u00e2ncia da participa\u00e7\u00e3o familiar na vida escolar. \u201cAmpliar espa\u00e7os como esse \u00e9 fundamental n\u00e3o s\u00f3 para o conforto e a aprendizagem das crian\u00e7as, mas tamb\u00e9m para integrar as fam\u00edlias ao ambiente escolar. Esse CMEI foi revitalizado com muito carinho e hoje \u00e9 entregue \u00e0 popula\u00e7\u00e3o ainda mais acolhedor\u201d, destacou.<\/p>\n<p>O secret\u00e1rio municipal de Educa\u00e7\u00e3o, Jos\u00e9 Henrique Abreu, ressaltou os avan\u00e7os pedag\u00f3gicos com a nova estrutura. \u201cCom mais espa\u00e7os adequados e uma estrutura moderna, garantimos um ambiente prop\u00edcio para o desenvolvimento integral das nossas crian\u00e7as\u201d, disse.<\/p>\n<p>A diretora pedag\u00f3gica do CMEI, Nara Carvalho, comemorou o novo momento vivido pela unidade. \u201cEssa amplia\u00e7\u00e3o representa a realiza\u00e7\u00e3o de um sonho para toda a equipe. Ganhamos salas, brinquedoteca e ambientes que v\u00e3o fazer a diferen\u00e7a na rotina escolar\u201d, afirmou.<\/p>\n<p>Representando o Legislativo, o vereador Ailson Barreto enfatizou os investimentos na educa\u00e7\u00e3o infantil. \u201cA entrega dessa obra comprova o compromisso da gest\u00e3o com a melhoria da infraestrutura educacional. \u00c9 assim que se constr\u00f3i um futuro mais justo e promissor para Quissam\u00e3\u201d, pontuou.<\/p>\n<p>Estiveram presentes tamb\u00e9m o secret\u00e1rio de Obras, Junio Selem; a coordenadora de Gest\u00e3o Pedag\u00f3gica, Ver\u00f4nica Carvalho; a coordenadora adjunta, J\u00e9ssica Barreto; a coordenadora de Educa\u00e7\u00e3o Infantil, Gilcilene Louren\u00e7o; e os vereadores Andr\u00e9 de Paulo, Cachuca, C\u00e1ssio Reis, \u00cdtalo Pacheco, Luan Bui\u00fa e Mazinho Batista.<\/p>\n","protected":false},"excerpt":{"rendered":"<p>O bairro Santa Catarina foi palco de uma importante conquista nesta quarta-feira (11), com a entrega oficial da amplia\u00e7\u00e3o e revitaliza\u00e7\u00e3o do Centro Municipal de Educa\u00e7\u00e3o Infantil (CMEI) Raquel Maria de Queir\u00f3s Mattoso. A solenidade contou com a presen\u00e7a do prefeito Marcelo Batista, da vice-prefeita e secret\u00e1ria de Sa\u00fade, Sabrine Pereira, al\u00e9m de autoridades municipais. [&hellip;]<\/p>\n","protected":false},"author":2,"featured_media":19612,"comment_status":"open","ping_status":"open","sticky":true,"template":"","format":"standard","meta":{"footnotes":""},"categories":[2097],"tags":[2860],"class_list":["post-19611","post","type-post","status-publish","format-standard","has-post-thumbnail","hentry","category-educacao","tag-unidade-escolar-de-santa-catarina"],"_links":{"self":[{"href":"https:\/\/blogdodanielgalvao.com.br\/site\/wp-json\/wp\/v2\/posts\/19611","targetHints":{"allow":["GET"]}}],"collection":[{"href":"https:\/\/blogdodanielgalvao.com.br\/site\/wp-json\/wp\/v2\/posts"}],"about":[{"href":"https:\/\/blogdodanielgalvao.com.br\/site\/wp-json\/wp\/v2\/types\/post"}],"author":[{"embeddable":true,"href":"https:\/\/blogdodanielgalvao.com.br\/site\/wp-json\/wp\/v2\/users\/2"}],"replies":[{"embeddable":true,"href":"https:\/\/blogdodanielgalvao.com.br\/site\/wp-json\/wp\/v2\/comments?post=19611"}],"version-history":[{"count":1,"href":"https:\/\/blogdodanielgalvao.com.br\/site\/wp-json\/wp\/v2\/posts\/19611\/revisions"}],"predecessor-version":[{"id":19613,"href":"https:\/\/blogdodanielgalvao.com.br\/site\/wp-json\/wp\/v2\/posts\/19611\/revisions\/19613"}],"wp:featuredmedia":[{"embeddable":true,"href":"https:\/\/blogdodanielgalvao.com.br\/site\/wp-json\/wp\/v2\/media\/19612"}],"wp:attachment":[{"href":"https:\/\/blogdodanielgalvao.com.br\/site\/wp-json\/wp\/v2\/media?parent=19611"}],"wp:term":[{"taxonomy":"category","embeddable":true,"href":"https:\/\/blogdodanielgalvao.com.br\/site\/wp-json\/wp\/v2\/categories?post=19611"},{"taxonomy":"post_tag","embeddable":true,"href":"https:\/\/blogdodanielgalvao.com.br\/site\/wp-json\/wp\/v2\/tags?post=19611"}],"curies":[{"name":"wp","href":"https:\/\/api.w.org\/{rel}","templated":true}]}}