{"id":19607,"date":"2025-06-12T17:06:11","date_gmt":"2025-06-12T20:06:11","guid":{"rendered":"https:\/\/blogdodanielgalvao.com.br\/site\/?p=19607"},"modified":"2025-06-12T17:06:11","modified_gmt":"2025-06-12T20:06:11","slug":"cabo-frio-diretores-da-rede-municipal-cobram-melhorias-em-encontro-com-dr-serginho","status":"publish","type":"post","link":"https:\/\/blogdodanielgalvao.com.br\/site\/cabo-frio-diretores-da-rede-municipal-cobram-melhorias-em-encontro-com-dr-serginho\/","title":{"rendered":"Cabo Frio: Diretores da rede municipal cobram melhorias em encontro com Dr. Serginho"},"content":{"rendered":"<p>Na manh\u00e3 desta quinta-feira (10), membros da Comiss\u00e3o Permanente de Diretores (CPD) da rede municipal de ensino de Cabo Frio participaram de uma reuni\u00e3o com o prefeito Dr. Serginho e o secret\u00e1rio municipal de Educa\u00e7\u00e3o, Alfredo Gon\u00e7alves, na sede do Executivo municipal.<\/p>\n<p>O objetivo do encontro foi expor e debater as principais necessidades identificadas pelos gestores escolares, especialmente no que diz respeito a quest\u00f5es estruturais e administrativas que impactam o cotidiano das unidades educacionais.<\/p>\n<p>Entre os t\u00f3picos levantados pelos diretores estavam a manuten\u00e7\u00e3o de pr\u00e9dios escolares, aprimoramento da infraestrutura, moderniza\u00e7\u00e3o da gest\u00e3o escolar e a\u00e7\u00f5es voltadas ao bem-estar de alunos, professores e demais profissionais da educa\u00e7\u00e3o.<\/p>\n<p>A reuni\u00e3o se consolidou como mais uma oportunidade de di\u00e1logo direto entre o poder p\u00fablico e os representantes das escolas, permitindo uma escuta ativa por parte da administra\u00e7\u00e3o municipal.<\/p>\n<p>Durante o encontro, o prefeito Dr. Serginho reiterou o comprometimento da gest\u00e3o com a valoriza\u00e7\u00e3o da educa\u00e7\u00e3o p\u00fablica e com a busca de solu\u00e7\u00f5es para as pautas apresentadas.<\/p>\n<p>&#8220;Entendemos que construir uma educa\u00e7\u00e3o forte passa, necessariamente, por ouvir quem est\u00e1 no dia a dia das escolas. Estamos aqui para trabalhar com responsabilidade, planejamento e parceria. A presen\u00e7a da Comiss\u00e3o de Diretores s\u00f3 refor\u00e7a essa uni\u00e3o em prol de uma rede mais eficiente&#8221;, afirmou o prefeito.<\/p>\n<p>A reuni\u00e3o evidenciou a import\u00e2ncia da participa\u00e7\u00e3o ativa dos diretores nas decis\u00f5es que envolvem a educa\u00e7\u00e3o municipal, ao mesmo tempo em que reafirma o empenho da Prefeitura de Cabo Frio em promover avan\u00e7os concretos no setor\u00a0educacional.<\/p>\n","protected":false},"excerpt":{"rendered":"<p>Na manh\u00e3 desta quinta-feira (10), membros da Comiss\u00e3o Permanente de Diretores (CPD) da rede municipal de ensino de Cabo Frio participaram de uma reuni\u00e3o com o prefeito Dr. Serginho e o secret\u00e1rio municipal de Educa\u00e7\u00e3o, Alfredo Gon\u00e7alves, na sede do Executivo municipal. O objetivo do encontro foi expor e debater as principais necessidades identificadas pelos [&hellip;]<\/p>\n","protected":false},"author":2,"featured_media":19608,"comment_status":"open","ping_status":"open","sticky":true,"template":"","format":"standard","meta":{"footnotes":""},"categories":[340],"tags":[1896],"class_list":["post-19607","post","type-post","status-publish","format-standard","has-post-thumbnail","hentry","category-cabo-frio","tag-destaque"],"_links":{"self":[{"href":"https:\/\/blogdodanielgalvao.com.br\/site\/wp-json\/wp\/v2\/posts\/19607","targetHints":{"allow":["GET"]}}],"collection":[{"href":"https:\/\/blogdodanielgalvao.com.br\/site\/wp-json\/wp\/v2\/posts"}],"about":[{"href":"https:\/\/blogdodanielgalvao.com.br\/site\/wp-json\/wp\/v2\/types\/post"}],"author":[{"embeddable":true,"href":"https:\/\/blogdodanielgalvao.com.br\/site\/wp-json\/wp\/v2\/users\/2"}],"replies":[{"embeddable":true,"href":"https:\/\/blogdodanielgalvao.com.br\/site\/wp-json\/wp\/v2\/comments?post=19607"}],"version-history":[{"count":1,"href":"https:\/\/blogdodanielgalvao.com.br\/site\/wp-json\/wp\/v2\/posts\/19607\/revisions"}],"predecessor-version":[{"id":19609,"href":"https:\/\/blogdodanielgalvao.com.br\/site\/wp-json\/wp\/v2\/posts\/19607\/revisions\/19609"}],"wp:featuredmedia":[{"embeddable":true,"href":"https:\/\/blogdodanielgalvao.com.br\/site\/wp-json\/wp\/v2\/media\/19608"}],"wp:attachment":[{"href":"https:\/\/blogdodanielgalvao.com.br\/site\/wp-json\/wp\/v2\/media?parent=19607"}],"wp:term":[{"taxonomy":"category","embeddable":true,"href":"https:\/\/blogdodanielgalvao.com.br\/site\/wp-json\/wp\/v2\/categories?post=19607"},{"taxonomy":"post_tag","embeddable":true,"href":"https:\/\/blogdodanielgalvao.com.br\/site\/wp-json\/wp\/v2\/tags?post=19607"}],"curies":[{"name":"wp","href":"https:\/\/api.w.org\/{rel}","templated":true}]}}