{"id":19604,"date":"2025-06-12T17:02:22","date_gmt":"2025-06-12T20:02:22","guid":{"rendered":"https:\/\/blogdodanielgalvao.com.br\/site\/?p=19604"},"modified":"2025-06-12T17:02:22","modified_gmt":"2025-06-12T20:02:22","slug":"conferencia-de-assistencia-social-de-rio-das-ostras-acontece-nesse-sabado-14","status":"publish","type":"post","link":"https:\/\/blogdodanielgalvao.com.br\/site\/conferencia-de-assistencia-social-de-rio-das-ostras-acontece-nesse-sabado-14\/","title":{"rendered":"Confer\u00eancia de Assist\u00eancia Social de Rio das Ostras acontece nesse s\u00e1bado, 14"},"content":{"rendered":"<p>A Escola Municipal Maria Teixeira de Paula, no Jardim Campomar, em Rio das Ostras, recebe,\u00a0nesse\u00a0s\u00e1bado, 14, a XIII Confer\u00eancia Municipal de Assist\u00eancia Social, que acontece das 8h \u00e0s 20h30, e deve reunir autoridades, lideran\u00e7as e sociedade civil.<\/p>\n<p>De acordo com a prefeitura, que promove o evento, o objetivo da confer\u00eancia \u00e9 discutir pautas visando o fortalecimento do Sistema \u00danico de Assist\u00eancia Social (SUAS), do governo federal, melhorando os servi\u00e7os no munic\u00edpio.<\/p>\n<p>\u201cAs confer\u00eancias s\u00e3o inst\u00e2ncias de participa\u00e7\u00e3o social, representativas e deliberativas, que re\u00fanem gestores, trabalhadores de diferentes n\u00edveis, representantes de entidades e organiza\u00e7\u00f5es da sociedade civil de Assist\u00eancia Social, e, em especial, usu\u00e1rios do Sistema \u00danico de Assist\u00eancia Social (SUAS)\u201d, refor\u00e7ou o munic\u00edpio.<\/p>\n<p>Al\u00e9m de melhorar os servi\u00e7os de assist\u00eancia social oferecidos \u00e0 popula\u00e7\u00e3o da cidade, o evento tamb\u00e9m deve cumprir o papel de promover uma maior participa\u00e7\u00e3o da sociedade civil na defini\u00e7\u00e3o de pol\u00edticas p\u00fablicas voltadas para o setor.<\/p>\n<p>Segundo a prefeitura, os encontros chamados de \u201cpr\u00e9-Confer\u00eancia\u201d, em que se debatem os eixos ligados ao tema nacional \u201c20 Anos do SUAS: Constru\u00e7\u00e3o, Prote\u00e7\u00e3o Social e Resist\u00eancia\u201d, j\u00e1 v\u00eam acontecendo desde o m\u00eas de maio, enriquecendo as discuss\u00f5es para a Confer\u00eancia nesse s\u00e1bado.<\/p>\n<p>Na edi\u00e7\u00e3o desse ano, os eixos tem\u00e1ticos est\u00e3o divididos em \u201cUniversaliza\u00e7\u00e3o do SUAS: Acesso Integral com Equidade e Respeito \u00e0s Diversidades\u201d; \u201cAperfei\u00e7oamento Cont\u00ednuo do SUAS: Inova\u00e7\u00e3o, Gest\u00e3o Descentralizada e Valoriza\u00e7\u00e3o Profissional\u201d; \u201cIntegra\u00e7\u00e3o de Benef\u00edcios e Servi\u00e7os Socioassistenciais: Fortalecendo a Prote\u00e7\u00e3o Social, Seguran\u00e7a de Renda e Inclus\u00e3o Social no SUAS\u201d; \u201cGest\u00e3o Democr\u00e1tica, Informa\u00e7\u00e3o no SUAS e comunica\u00e7\u00e3o transparentes: fortalecendo a participa\u00e7\u00e3o social no SUAS\u201d; e \u201cSustentabilidade Financeira e Equidade no Cofinanciamento do SUAS\u201d.<\/p>\n<p>Al\u00e9m dos debates, a programa\u00e7\u00e3o do evento contar\u00e1 tamb\u00e9m com a apresenta\u00e7\u00e3o cultural com adolescentes do Servi\u00e7o de Conviv\u00eancia e Fortalecimento de V\u00ednculo do Centro de Refer\u00eancia de Assist\u00eancia Social (CRAS) Sul.<\/p>\n<p>Tamb\u00e9m est\u00e1 prevista uma palestra sobre os 20 anos do SUAS, ministrada pela mestre em pol\u00edtica social, Patr\u00edcia Barreto, do\u00a0Programa de P\u00f3s-Gradua\u00e7\u00e3o da Universidade Federal Fluminense (UFF), al\u00e9m da vota\u00e7\u00e3o para escolha dos delegados que representar\u00e3o o munic\u00edpio na Confer\u00eancia Estadual, que acontece entre agosto e outubro\u00a0desse\u00a0ano.<\/p>\n<p>A Escola Municipal Maria Teixeira de Paula fica na Alameda Campomar, 600, no Jardim Campomar, e a programa\u00e7\u00e3o completa da XIII Confer\u00eancia Municipal de Assist\u00eancia Social de Rio das Ostras est\u00e1 dispon\u00edvel no site e nas redes sociais do munic\u00edpio.<\/p>\n","protected":false},"excerpt":{"rendered":"<p>A Escola Municipal Maria Teixeira de Paula, no Jardim Campomar, em Rio das Ostras, recebe,\u00a0nesse\u00a0s\u00e1bado, 14, a XIII Confer\u00eancia Municipal de Assist\u00eancia Social, que acontece das 8h \u00e0s 20h30, e deve reunir autoridades, lideran\u00e7as e sociedade civil. De acordo com a prefeitura, que promove o evento, o objetivo da confer\u00eancia \u00e9 discutir pautas visando o [&hellip;]<\/p>\n","protected":false},"author":2,"featured_media":19605,"comment_status":"open","ping_status":"open","sticky":true,"template":"","format":"standard","meta":{"footnotes":""},"categories":[4],"tags":[2859],"class_list":["post-19604","post","type-post","status-publish","format-standard","has-post-thumbnail","hentry","category-rio-das-ostras","tag-conferencia-de-assistencia-social"],"_links":{"self":[{"href":"https:\/\/blogdodanielgalvao.com.br\/site\/wp-json\/wp\/v2\/posts\/19604","targetHints":{"allow":["GET"]}}],"collection":[{"href":"https:\/\/blogdodanielgalvao.com.br\/site\/wp-json\/wp\/v2\/posts"}],"about":[{"href":"https:\/\/blogdodanielgalvao.com.br\/site\/wp-json\/wp\/v2\/types\/post"}],"author":[{"embeddable":true,"href":"https:\/\/blogdodanielgalvao.com.br\/site\/wp-json\/wp\/v2\/users\/2"}],"replies":[{"embeddable":true,"href":"https:\/\/blogdodanielgalvao.com.br\/site\/wp-json\/wp\/v2\/comments?post=19604"}],"version-history":[{"count":1,"href":"https:\/\/blogdodanielgalvao.com.br\/site\/wp-json\/wp\/v2\/posts\/19604\/revisions"}],"predecessor-version":[{"id":19606,"href":"https:\/\/blogdodanielgalvao.com.br\/site\/wp-json\/wp\/v2\/posts\/19604\/revisions\/19606"}],"wp:featuredmedia":[{"embeddable":true,"href":"https:\/\/blogdodanielgalvao.com.br\/site\/wp-json\/wp\/v2\/media\/19605"}],"wp:attachment":[{"href":"https:\/\/blogdodanielgalvao.com.br\/site\/wp-json\/wp\/v2\/media?parent=19604"}],"wp:term":[{"taxonomy":"category","embeddable":true,"href":"https:\/\/blogdodanielgalvao.com.br\/site\/wp-json\/wp\/v2\/categories?post=19604"},{"taxonomy":"post_tag","embeddable":true,"href":"https:\/\/blogdodanielgalvao.com.br\/site\/wp-json\/wp\/v2\/tags?post=19604"}],"curies":[{"name":"wp","href":"https:\/\/api.w.org\/{rel}","templated":true}]}}