{"id":19599,"date":"2025-06-12T16:31:14","date_gmt":"2025-06-12T19:31:14","guid":{"rendered":"https:\/\/blogdodanielgalvao.com.br\/site\/?p=19599"},"modified":"2025-06-12T16:31:14","modified_gmt":"2025-06-12T19:31:14","slug":"veiculo-roubado-no-rio-e-recuperado-em-operacao-policial-em-campos","status":"publish","type":"post","link":"https:\/\/blogdodanielgalvao.com.br\/site\/veiculo-roubado-no-rio-e-recuperado-em-operacao-policial-em-campos\/","title":{"rendered":"Ve\u00edculo roubado no Rio \u00e9 recuperado em opera\u00e7\u00e3o policial em Campos"},"content":{"rendered":"<p>A Pol\u00edcia Militar conseguiu recuperar em Campos um ve\u00edculo que havia sido furtado na cidade do Rio de Janeiro. A opera\u00e7\u00e3o foi realizada na noite da \u00faltima quarta-feira (11), com o ve\u00edculo sendo localizado pelos agentes em Dores de Macabu, distrito de Campos.<\/p>\n<p>A opera\u00e7\u00e3o contou com a coordena\u00e7\u00e3o de equipes de intelig\u00eancia do 8\u00ba BPM. Os agentes deram in\u00edcio a a\u00e7\u00e3o ap\u00f3s o servi\u00e7o de intelig\u00eancia da P2 identificar a presen\u00e7a de um ve\u00edculo Fiat Toro de cor preta circulando na regi\u00e3o com placas clonadas.<\/p>\n<p>Com base nessas informa\u00e7\u00f5es, foi montada uma opera\u00e7\u00e3o de captura do ve\u00edculo com a presen\u00e7a de agentes do Destacamento de Policiamento Ostensivo (DPO) de Dores de Macabu, que conseguiram localizar o ve\u00edculo.<\/p>\n<p>A pol\u00edcia informou tamb\u00e9m que o ve\u00edculo apresentava duas perfura\u00e7\u00f5es, sendo uma na porta dianteira do motorista e outra na traseira esquerda. Os agentes tamb\u00e9m encontraram inconsist\u00eancias entre a numera\u00e7\u00e3o dos vidros e a placa.<\/p>\n<p>Foi informado ainda que o carro constava como roubado desde o \u00faltimo dia 7. A ocorr\u00eancia do furto foi registrada na 24\u00aa Delegacia de Pol\u00edcia no Rio. O caso tamb\u00e9m foi registrado na 134\u00aa DP de Campos, onde o ve\u00edculo foi recuperado e agora ser\u00e1 submetido a per\u00edcia.<\/p>\n","protected":false},"excerpt":{"rendered":"<p>A Pol\u00edcia Militar conseguiu recuperar em Campos um ve\u00edculo que havia sido furtado na cidade do Rio de Janeiro. A opera\u00e7\u00e3o foi realizada na noite da \u00faltima quarta-feira (11), com o ve\u00edculo sendo localizado pelos agentes em Dores de Macabu, distrito de Campos. A opera\u00e7\u00e3o contou com a coordena\u00e7\u00e3o de equipes de intelig\u00eancia do 8\u00ba [&hellip;]<\/p>\n","protected":false},"author":2,"featured_media":19602,"comment_status":"open","ping_status":"open","sticky":false,"template":"","format":"standard","meta":{"footnotes":""},"categories":[1899],"tags":[494],"class_list":["post-19599","post","type-post","status-publish","format-standard","has-post-thumbnail","hentry","category-policia","tag-policia"],"_links":{"self":[{"href":"https:\/\/blogdodanielgalvao.com.br\/site\/wp-json\/wp\/v2\/posts\/19599","targetHints":{"allow":["GET"]}}],"collection":[{"href":"https:\/\/blogdodanielgalvao.com.br\/site\/wp-json\/wp\/v2\/posts"}],"about":[{"href":"https:\/\/blogdodanielgalvao.com.br\/site\/wp-json\/wp\/v2\/types\/post"}],"author":[{"embeddable":true,"href":"https:\/\/blogdodanielgalvao.com.br\/site\/wp-json\/wp\/v2\/users\/2"}],"replies":[{"embeddable":true,"href":"https:\/\/blogdodanielgalvao.com.br\/site\/wp-json\/wp\/v2\/comments?post=19599"}],"version-history":[{"count":1,"href":"https:\/\/blogdodanielgalvao.com.br\/site\/wp-json\/wp\/v2\/posts\/19599\/revisions"}],"predecessor-version":[{"id":19603,"href":"https:\/\/blogdodanielgalvao.com.br\/site\/wp-json\/wp\/v2\/posts\/19599\/revisions\/19603"}],"wp:featuredmedia":[{"embeddable":true,"href":"https:\/\/blogdodanielgalvao.com.br\/site\/wp-json\/wp\/v2\/media\/19602"}],"wp:attachment":[{"href":"https:\/\/blogdodanielgalvao.com.br\/site\/wp-json\/wp\/v2\/media?parent=19599"}],"wp:term":[{"taxonomy":"category","embeddable":true,"href":"https:\/\/blogdodanielgalvao.com.br\/site\/wp-json\/wp\/v2\/categories?post=19599"},{"taxonomy":"post_tag","embeddable":true,"href":"https:\/\/blogdodanielgalvao.com.br\/site\/wp-json\/wp\/v2\/tags?post=19599"}],"curies":[{"name":"wp","href":"https:\/\/api.w.org\/{rel}","templated":true}]}}