{"id":19594,"date":"2025-06-12T15:38:09","date_gmt":"2025-06-12T18:38:09","guid":{"rendered":"https:\/\/blogdodanielgalvao.com.br\/site\/?p=19594"},"modified":"2025-06-12T15:38:09","modified_gmt":"2025-06-12T18:38:09","slug":"campeonato-carioca-divulga-reducao-de-datas-de-15-para-10-a-partir-do-ano-que-vem","status":"publish","type":"post","link":"https:\/\/blogdodanielgalvao.com.br\/site\/campeonato-carioca-divulga-reducao-de-datas-de-15-para-10-a-partir-do-ano-que-vem\/","title":{"rendered":"Campeonato Carioca divulga redu\u00e7\u00e3o de datas de 15 para 10 a partir do ano que vem"},"content":{"rendered":"<p>Os times da regi\u00e3o j\u00e1 sabem contra quem v\u00e3o estrear no Campeonato Carioca 2026, ap\u00f3s a divulga\u00e7\u00e3o da tabela da 1\u00aa rodada e da f\u00f3rmula de disputa, que sofrer\u00e1 mudan\u00e7as para a pr\u00f3xima temporada, atendendo a um pedido dos clubes.<\/p>\n<p>O an\u00fancio foi feito nessa semana, na sede da Federa\u00e7\u00e3o de Futebol do Estado do Rio (FERJ), durante o Conselho Arbitral da entidade, com a presen\u00e7a de presidentes e representantes dos 11 clubes j\u00e1 confirmados na elite no ano que vem.<\/p>\n<p>De acordo com a FERJ, as mudan\u00e7as no regulamento e na forma de disputa, que ter\u00e1 a significativa mudan\u00e7a de redu\u00e7\u00e3o de datas, das atuais 15 em 2025 para apenas 10 em 2026, foram aprovadas por unanimidade na reuni\u00e3o dos clubes.<\/p>\n<p>Na pr\u00f3xima edi\u00e7\u00e3o, a competi\u00e7\u00e3o ser\u00e1 disputada pelos mesmos 12 times, mas divididos em 2 grupos de 6 equipes, que jogar\u00e3o em turno \u00fanico, enfrentando apenas os times do outro grupo, classificando-se os 4 primeiros de cada grupo.<\/p>\n<p>A partir de ent\u00e3o, os 4 mais bem colocados em um grupo se enfrentar\u00e3o nas quartas-de-final, em formato ol\u00edmpico, 1\u00ba x 4\u00ba e 2\u00ba x 3\u00ba, em jogo \u00fanico, avan\u00e7ando os vencedores para a disputa das semifinais, em jogos de ida e volta, at\u00e9 a grande decis\u00e3o, e jogo \u00fanico, outra novidade do Carioc\u00e3o 2026.<\/p>\n<p>Segundo a FERJ, a previs\u00e3o \u00e9 que o torneio, que j\u00e1 teve os grupos definidos por sorteio, com Maric\u00e1 e Boavista no Grupo B, com Flamengo, Botafogo, Madureira e Nova Igua\u00e7u, e o Sampaio Corr\u00eaa, campe\u00e3o da Ta\u00e7a Rio em 2025, no Grupo A, com Fluminense, Vasco, Volta Redonda, Portuguesa e o campe\u00e3o da A2, comece no fim de janeiro e termine em mar\u00e7o.<\/p>\n<p>\u201cA f\u00f3rmula \u00e9 fruto de muitas conversas, reuni\u00f5es, proposi\u00e7\u00f5es, sugest\u00f5es. J\u00e1 estamos nesse debate h\u00e1 meses, quase 1 ano, se n\u00e3o for mais. Tudo para a valoriza\u00e7\u00e3o maior do Campeonato Carioca, e tamb\u00e9m a adequa\u00e7\u00e3o ao calend\u00e1rio para proteger os nossos clubes. A unanimidade prova que estamos no caminho certo\u201d, afirmou o presidente da FERJ, Rubens Lopes, ao lado do vice-presidente de Competi\u00e7\u00f5es, Marcelo Vianna, e do vice-presidente jur\u00eddico, Sandro Trindade.<\/p>\n<p>\u201cO Flamengo v\u00ea com bons olhos esta atitude da FERJ, do pioneirismo em antecipar esta organiza\u00e7\u00e3o do Carioca e, principalmente, em reduzir para 10 datas. O campeonato se torna ainda mais charmoso. \u00c9 um caso de que menos \u00e9 mais\u201d, afirmou o presidente do Flamengo, Luiz Eduardo Baptista, o BAP.<\/p>\n<p>\u201cA redu\u00e7\u00e3o de datas ser\u00e1 mais atraente, pois todos os jogos ser\u00e3o decisivos, n\u00e3o s\u00f3 cl\u00e1ssicos, mas as partidas dos grandes contra os clubes formadores\u201d, concordou o o presidente do Fluminense, M\u00e1rio Bittencourt.<\/p>\n<p>\u201cS\u00f3 tenho a parabenizar a FERJ pelo n\u00famero de datas e pela perfei\u00e7\u00e3o na organiza\u00e7\u00e3o antecipada\u201d, completou o CEO do Vasco da Gama, Carlos Amodeo.<\/p>\n<p>\u201cO Carioc\u00e3o vai continuar sendo o mais charmoso, mesmo sendo curto. Jogamos sempre com muito prazer e muito orgulho. \u00c9 o melhor campeonato do Brasil\u201d, finalizou o presidente do Madureira, Elias Duba.<\/p>\n<p>Outra mudan\u00e7a divulgada pela FERJ est\u00e1 na f\u00f3rmula de descenso do Carioca, que, na pr\u00f3xima edi\u00e7\u00e3o, ter\u00e1 um quadrangular formado pelos 2 \u00faltimos colocados de cada grupo, com o \u00faltimo caindo para a A2, o pen\u00faltimo disputando uma partida contra o vice-campe\u00e3o da A2 desse ano, valendo mais uma vaga na elite.<\/p>\n<p>Ainda de acordo com a FERJ, depois do an\u00fancio da nova f\u00f3rmula de disputa, a entidade promover\u00e1 um novo Conselho Arbitral, para definir os \u00faltimos detalhes do regulamento, e discutir a distribui\u00e7\u00e3o de receitas e outros temas pendentes.<\/p>\n<p>Na 1\u00aa rodada do Carioc\u00e3o 2026, o \u00fanico a estrear em casa ser\u00e1 o Sampaio Corr\u00eaa, que receber\u00e1 o Nova Igua\u00e7u em Saquarema, enquanto Maric\u00e1 visitar\u00e1 o Vasco no Rio, e o Verd\u00e3o de Bacax\u00e1 viajar\u00e1 para Volta Redonda, onde enfrentar\u00e1 o time da casa.<\/p>\n<p>J\u00e1 o campe\u00e3o da A2, que ainda est\u00e1 em disputa, e conta com 2 times da Regi\u00e3o dos Lagos, Cabofriense (5\u00ba) e Araruama (11\u00ba), al\u00e9m do Americano (2\u00ba), de Campos dos Goytacazes, far\u00e1 a estreia contra o Flamengo, jogando em casa.<\/p>\n","protected":false},"excerpt":{"rendered":"<p>Os times da regi\u00e3o j\u00e1 sabem contra quem v\u00e3o estrear no Campeonato Carioca 2026, ap\u00f3s a divulga\u00e7\u00e3o da tabela da 1\u00aa rodada e da f\u00f3rmula de disputa, que sofrer\u00e1 mudan\u00e7as para a pr\u00f3xima temporada, atendendo a um pedido dos clubes. O an\u00fancio foi feito nessa semana, na sede da Federa\u00e7\u00e3o de Futebol do Estado do [&hellip;]<\/p>\n","protected":false},"author":2,"featured_media":19595,"comment_status":"open","ping_status":"open","sticky":true,"template":"","format":"standard","meta":{"footnotes":""},"categories":[1897],"tags":[1896],"class_list":["post-19594","post","type-post","status-publish","format-standard","has-post-thumbnail","hentry","category-esportes","tag-destaque"],"_links":{"self":[{"href":"https:\/\/blogdodanielgalvao.com.br\/site\/wp-json\/wp\/v2\/posts\/19594","targetHints":{"allow":["GET"]}}],"collection":[{"href":"https:\/\/blogdodanielgalvao.com.br\/site\/wp-json\/wp\/v2\/posts"}],"about":[{"href":"https:\/\/blogdodanielgalvao.com.br\/site\/wp-json\/wp\/v2\/types\/post"}],"author":[{"embeddable":true,"href":"https:\/\/blogdodanielgalvao.com.br\/site\/wp-json\/wp\/v2\/users\/2"}],"replies":[{"embeddable":true,"href":"https:\/\/blogdodanielgalvao.com.br\/site\/wp-json\/wp\/v2\/comments?post=19594"}],"version-history":[{"count":1,"href":"https:\/\/blogdodanielgalvao.com.br\/site\/wp-json\/wp\/v2\/posts\/19594\/revisions"}],"predecessor-version":[{"id":19596,"href":"https:\/\/blogdodanielgalvao.com.br\/site\/wp-json\/wp\/v2\/posts\/19594\/revisions\/19596"}],"wp:featuredmedia":[{"embeddable":true,"href":"https:\/\/blogdodanielgalvao.com.br\/site\/wp-json\/wp\/v2\/media\/19595"}],"wp:attachment":[{"href":"https:\/\/blogdodanielgalvao.com.br\/site\/wp-json\/wp\/v2\/media?parent=19594"}],"wp:term":[{"taxonomy":"category","embeddable":true,"href":"https:\/\/blogdodanielgalvao.com.br\/site\/wp-json\/wp\/v2\/categories?post=19594"},{"taxonomy":"post_tag","embeddable":true,"href":"https:\/\/blogdodanielgalvao.com.br\/site\/wp-json\/wp\/v2\/tags?post=19594"}],"curies":[{"name":"wp","href":"https:\/\/api.w.org\/{rel}","templated":true}]}}