{"id":19588,"date":"2025-06-12T14:50:09","date_gmt":"2025-06-12T17:50:09","guid":{"rendered":"https:\/\/blogdodanielgalvao.com.br\/site\/?p=19588"},"modified":"2025-06-12T14:50:09","modified_gmt":"2025-06-12T17:50:09","slug":"sem-data-definida-remocao-de-residuos-na-praia-do-siqueira-preocupa-moradores-de-cabo-frio","status":"publish","type":"post","link":"https:\/\/blogdodanielgalvao.com.br\/site\/sem-data-definida-remocao-de-residuos-na-praia-do-siqueira-preocupa-moradores-de-cabo-frio\/","title":{"rendered":"Sem data definida, remo\u00e7\u00e3o de res\u00edduos na Praia do Siqueira preocupa moradores de Cabo Frio"},"content":{"rendered":"<p>A retirada do ac\u00famulo de lodo e res\u00edduos org\u00e2nicos da Praia do Siqueira, em Cabo Frio, segue sem previs\u00e3o para come\u00e7ar. O ponto de partida da opera\u00e7\u00e3o est\u00e1 condicionado ao resultado de uma an\u00e1lise t\u00e9cnica conduzida pelo Instituto Estadual do Ambiente (Inea), que investiga a presen\u00e7a de metais pesados nos sedimentos. A preocupa\u00e7\u00e3o \u00e9 que a remo\u00e7\u00e3o precipitada possa liberar subst\u00e2ncias nocivas na Laguna de Araruama. N\u00e3o h\u00e1 prazo estimado para a divulga\u00e7\u00e3o do laudo.<\/p>\n<p>Enquanto isso, em S\u00e3o Pedro da Aldeia, praias como a do Camerum j\u00e1 passaram por a\u00e7\u00f5es semelhantes desde o in\u00edcio do ano, por meio do projeto estadual Limpa Rio. No entanto, o impacto das interven\u00e7\u00f5es tem sido questionado por organiza\u00e7\u00f5es ambientais, que apontam a reincid\u00eancia do problema: o lodo retirado rapidamente retorna, sendo substitu\u00eddo por novos dep\u00f3sitos de mat\u00e9ria org\u00e2nica.<\/p>\n<p>A gravidade da situa\u00e7\u00e3o em Cabo Frio foi tema de uma audi\u00eancia p\u00fablica realizada na quarta-feira (11), \u00e0s margens da pr\u00f3pria Praia do Siqueira. O encontro reuniu pescadores locais, representantes da col\u00f4nia e entidades ambientais, em busca de solu\u00e7\u00f5es concretas e definitivas. A reuni\u00e3o refor\u00e7ou a urg\u00eancia de a\u00e7\u00f5es integradas entre poder p\u00fablico e sociedade civil.<\/p>\n<p>Desde o in\u00edcio do ano, moradores e pescadores v\u00eam denunciando o agravamento da polui\u00e7\u00e3o na regi\u00e3o. A Praia do Siqueira \u00e9 considerada um dos trechos mais cr\u00edticos da Laguna de Araruama. Segundo relatos, o esgoto lan\u00e7ado sem tratamento seria o principal vil\u00e3o. A Prolagos, concession\u00e1ria de saneamento da regi\u00e3o, informou que o problema poder\u00e1 ser atenuado com a finaliza\u00e7\u00e3o da amplia\u00e7\u00e3o da Esta\u00e7\u00e3o de Tratamento de Esgoto (ETE) da \u00e1rea. Contudo, ainda n\u00e3o h\u00e1 previs\u00e3o para a conclus\u00e3o da obra. J\u00e1 a Prefeitura de Cabo Frio afirma ter intensificado a fiscaliza\u00e7\u00e3o sobre im\u00f3veis que despejam res\u00edduos clandestinos na laguna.<\/p>\n<p>A opera\u00e7\u00e3o para remo\u00e7\u00e3o do lodo dever\u00e1 contar com a atua\u00e7\u00e3o conjunta da Prefeitura de Cabo Frio, da Secretaria Estadual de Meio Ambiente e da Prolagos. Estima-se que cerca de 300 mil metros c\u00fabicos de res\u00edduos precisar\u00e3o ser retirados da regi\u00e3o. O objetivo \u00e9 devolver a balneabilidade da praia e garantir melhores condi\u00e7\u00f5es para a pesca e o lazer da popula\u00e7\u00e3o\u00a0local.<\/p>\n","protected":false},"excerpt":{"rendered":"<p>A retirada do ac\u00famulo de lodo e res\u00edduos org\u00e2nicos da Praia do Siqueira, em Cabo Frio, segue sem previs\u00e3o para come\u00e7ar. O ponto de partida da opera\u00e7\u00e3o est\u00e1 condicionado ao resultado de uma an\u00e1lise t\u00e9cnica conduzida pelo Instituto Estadual do Ambiente (Inea), que investiga a presen\u00e7a de metais pesados nos sedimentos. A preocupa\u00e7\u00e3o \u00e9 que [&hellip;]<\/p>\n","protected":false},"author":2,"featured_media":19589,"comment_status":"open","ping_status":"open","sticky":true,"template":"","format":"standard","meta":{"footnotes":""},"categories":[340],"tags":[1896],"class_list":["post-19588","post","type-post","status-publish","format-standard","has-post-thumbnail","hentry","category-cabo-frio","tag-destaque"],"_links":{"self":[{"href":"https:\/\/blogdodanielgalvao.com.br\/site\/wp-json\/wp\/v2\/posts\/19588","targetHints":{"allow":["GET"]}}],"collection":[{"href":"https:\/\/blogdodanielgalvao.com.br\/site\/wp-json\/wp\/v2\/posts"}],"about":[{"href":"https:\/\/blogdodanielgalvao.com.br\/site\/wp-json\/wp\/v2\/types\/post"}],"author":[{"embeddable":true,"href":"https:\/\/blogdodanielgalvao.com.br\/site\/wp-json\/wp\/v2\/users\/2"}],"replies":[{"embeddable":true,"href":"https:\/\/blogdodanielgalvao.com.br\/site\/wp-json\/wp\/v2\/comments?post=19588"}],"version-history":[{"count":1,"href":"https:\/\/blogdodanielgalvao.com.br\/site\/wp-json\/wp\/v2\/posts\/19588\/revisions"}],"predecessor-version":[{"id":19590,"href":"https:\/\/blogdodanielgalvao.com.br\/site\/wp-json\/wp\/v2\/posts\/19588\/revisions\/19590"}],"wp:featuredmedia":[{"embeddable":true,"href":"https:\/\/blogdodanielgalvao.com.br\/site\/wp-json\/wp\/v2\/media\/19589"}],"wp:attachment":[{"href":"https:\/\/blogdodanielgalvao.com.br\/site\/wp-json\/wp\/v2\/media?parent=19588"}],"wp:term":[{"taxonomy":"category","embeddable":true,"href":"https:\/\/blogdodanielgalvao.com.br\/site\/wp-json\/wp\/v2\/categories?post=19588"},{"taxonomy":"post_tag","embeddable":true,"href":"https:\/\/blogdodanielgalvao.com.br\/site\/wp-json\/wp\/v2\/tags?post=19588"}],"curies":[{"name":"wp","href":"https:\/\/api.w.org\/{rel}","templated":true}]}}