{"id":19582,"date":"2025-06-12T14:09:03","date_gmt":"2025-06-12T17:09:03","guid":{"rendered":"https:\/\/blogdodanielgalvao.com.br\/site\/?p=19582"},"modified":"2025-06-12T14:09:03","modified_gmt":"2025-06-12T17:09:03","slug":"projeto-leva-aulas-de-danca-para-cabo-frio-e-promove-inclusao-por-meio-do-samba-de-gafieira","status":"publish","type":"post","link":"https:\/\/blogdodanielgalvao.com.br\/site\/projeto-leva-aulas-de-danca-para-cabo-frio-e-promove-inclusao-por-meio-do-samba-de-gafieira\/","title":{"rendered":"Projeto leva aulas de dan\u00e7a para Cabo Frio e promove inclus\u00e3o por meio do samba de gafieira"},"content":{"rendered":"<p>A partir de julho, o bairro Jardim Esperan\u00e7a, em Cabo Frio, vai se tornar palco de um projeto cultural potente e transformador. A Oficina Semente de Gafieira promete movimentar as noites de quinta-feira no CIEP 458 \u2013 Hermes Barcelos, com aulas gratuitas de samba de gafieira, sempre \u00e0s 18h. A iniciativa \u00e9 fruto da parceria entre o Samba Dan\u00e7a Festival 2025 e o Coletivo Cultural Olhar da Perifa.<\/p>\n<p>Mais do que aulas de dan\u00e7a, a proposta se apresenta como um convite \u00e0 valoriza\u00e7\u00e3o dos territ\u00f3rios perif\u00e9ricos, \u00e0 promo\u00e7\u00e3o da autoestima e \u00e0 constru\u00e7\u00e3o de espa\u00e7os coletivos de troca e conviv\u00eancia. A oficina ser\u00e1 ministrada por Werlem Goitac\u00e1, professor conhecido por sua trajet\u00f3ria na valoriza\u00e7\u00e3o das dan\u00e7as de sal\u00e3o com ra\u00edzes afro-brasileiras, e integrante do Ballet do Diogo Nogueira e da equipe da professora Cristiane Torlone.<\/p>\n<p>Aberta ao p\u00fablico a partir de 15 anos, a atividade oferece 60 vagas totalmente gratuitas. A inten\u00e7\u00e3o, segundo os organizadores, \u00e9 democratizar o acesso \u00e0 cultura, principalmente entre jovens e moradores das \u00e1reas perif\u00e9ricas da cidade. \u201c\u00c9 uma experi\u00eancia que vai al\u00e9m do passo de dan\u00e7a. \u00c9 um gesto pol\u00edtico e afetivo de pertencimento\u201d, pontua o coletivo.<\/p>\n<p>A Oficina Semente de Gafieira integra a programa\u00e7\u00e3o descentralizada do Samba Dan\u00e7a Festival, que tem como proposta espalhar a arte da dan\u00e7a por diversas regi\u00f5es da cidade, especialmente fora dos grandes centros. A ideia \u00e9 fortalecer identidades locais por meio da cultura popular, reconhecendo e impulsionando a pot\u00eancia existente nas periferias.<\/p>\n<p>A metodologia adotada nas aulas \u00e9 inclusiva e acolhedora, permitindo que pessoas com diferentes n\u00edveis de experi\u00eancia possam se desenvolver dentro de uma linguagem corporal que tamb\u00e9m \u00e9 hist\u00f3ria e resist\u00eancia. \u201cQueremos plantar uma semente de valoriza\u00e7\u00e3o da cultura preta e perif\u00e9rica, abrindo caminhos para a express\u00e3o e a transforma\u00e7\u00e3o social por meio da arte\u201d, destaca a equipe realizadora.<\/p>\n<p>As inscri\u00e7\u00f5es podem ser feitas gratuitamente por meio de formul\u00e1rio online. Para mais informa\u00e7\u00f5es, os interessados podem acessar o perfil oficial @sambadancafestival no Instagram ou entrar em contato pelo n\u00famero (21) 96654-7953.<\/p>\n<p>&nbsp;<\/p>\n<p><strong>Servi\u00e7o: Oficina Semente de Gafieira<\/strong><\/p>\n<ul>\n<li>In\u00edcio: Julho de 2025 \u2013 Quintas-feiras, \u00e0s 18h<\/li>\n<li>Local: CIEP 458 \u2013 Hermes Barcelos | Jardim Esperan\u00e7a \u2013 Cabo Frio (RJ)<\/li>\n<li>Professor: Werlem Goitac\u00e1<\/li>\n<li>Inscri\u00e7\u00f5es e informa\u00e7\u00f5es: <a href=\"mailto:sambadancafestival@gmail.com\">sambadancafestival@gmail.com<\/a> |\u00a0(21)\u00a096654-7953<\/li>\n<\/ul>\n","protected":false},"excerpt":{"rendered":"<p>A partir de julho, o bairro Jardim Esperan\u00e7a, em Cabo Frio, vai se tornar palco de um projeto cultural potente e transformador. A Oficina Semente de Gafieira promete movimentar as noites de quinta-feira no CIEP 458 \u2013 Hermes Barcelos, com aulas gratuitas de samba de gafieira, sempre \u00e0s 18h. A iniciativa \u00e9 fruto da parceria [&hellip;]<\/p>\n","protected":false},"author":2,"featured_media":19583,"comment_status":"open","ping_status":"open","sticky":true,"template":"","format":"standard","meta":{"footnotes":""},"categories":[340],"tags":[1896],"class_list":["post-19582","post","type-post","status-publish","format-standard","has-post-thumbnail","hentry","category-cabo-frio","tag-destaque"],"_links":{"self":[{"href":"https:\/\/blogdodanielgalvao.com.br\/site\/wp-json\/wp\/v2\/posts\/19582","targetHints":{"allow":["GET"]}}],"collection":[{"href":"https:\/\/blogdodanielgalvao.com.br\/site\/wp-json\/wp\/v2\/posts"}],"about":[{"href":"https:\/\/blogdodanielgalvao.com.br\/site\/wp-json\/wp\/v2\/types\/post"}],"author":[{"embeddable":true,"href":"https:\/\/blogdodanielgalvao.com.br\/site\/wp-json\/wp\/v2\/users\/2"}],"replies":[{"embeddable":true,"href":"https:\/\/blogdodanielgalvao.com.br\/site\/wp-json\/wp\/v2\/comments?post=19582"}],"version-history":[{"count":1,"href":"https:\/\/blogdodanielgalvao.com.br\/site\/wp-json\/wp\/v2\/posts\/19582\/revisions"}],"predecessor-version":[{"id":19585,"href":"https:\/\/blogdodanielgalvao.com.br\/site\/wp-json\/wp\/v2\/posts\/19582\/revisions\/19585"}],"wp:featuredmedia":[{"embeddable":true,"href":"https:\/\/blogdodanielgalvao.com.br\/site\/wp-json\/wp\/v2\/media\/19583"}],"wp:attachment":[{"href":"https:\/\/blogdodanielgalvao.com.br\/site\/wp-json\/wp\/v2\/media?parent=19582"}],"wp:term":[{"taxonomy":"category","embeddable":true,"href":"https:\/\/blogdodanielgalvao.com.br\/site\/wp-json\/wp\/v2\/categories?post=19582"},{"taxonomy":"post_tag","embeddable":true,"href":"https:\/\/blogdodanielgalvao.com.br\/site\/wp-json\/wp\/v2\/tags?post=19582"}],"curies":[{"name":"wp","href":"https:\/\/api.w.org\/{rel}","templated":true}]}}