{"id":19464,"date":"2025-06-10T16:37:00","date_gmt":"2025-06-10T19:37:00","guid":{"rendered":"https:\/\/blogdodanielgalvao.com.br\/site\/?p=19464"},"modified":"2025-06-10T16:37:00","modified_gmt":"2025-06-10T19:37:00","slug":"cabo-frio-pontal-do-pero-se-destaca-entre-as-melhores-praias-do-continente","status":"publish","type":"post","link":"https:\/\/blogdodanielgalvao.com.br\/site\/cabo-frio-pontal-do-pero-se-destaca-entre-as-melhores-praias-do-continente\/","title":{"rendered":"Cabo Frio: Pontal do Per\u00f3 se destaca entre as melhores praias do continente"},"content":{"rendered":"<p>Localizada em Cabo Frio, a Praia do Pontal do Per\u00f3 conquistou o 5\u00ba lugar entre as melhores praias de vila das Am\u00e9ricas, em uma avalia\u00e7\u00e3o que analisou 57 localidades. O reconhecimento veio a partir de um estudo desenvolvido pelo Centro Internacional de Forma\u00e7\u00e3o, Gest\u00e3o e Certifica\u00e7\u00e3o de Praias e pelo Grupo de Investiga\u00e7\u00e3o em Sistemas Costeiros. Cabo Frio ainda emplacou outras duas praias no ranking geral: a Praia das Conchas (52\u00aa coloca\u00e7\u00e3o) e a Praia do Per\u00f3 (116\u00aa posi\u00e7\u00e3o).<\/p>\n<p>O levantamento, divulgado na edi\u00e7\u00e3o de 2025, considerou 200 praias de 11 pa\u00edses das Am\u00e9ricas e da Pen\u00ednsula Ib\u00e9rica. A avalia\u00e7\u00e3o foi feita por 71 especialistas \u2014 entre eles ocean\u00f3grafos, ge\u00f3grafos, engenheiros e gestores \u2014 com base em uma metodologia que contempla aspectos ecol\u00f3gicos, sociais, culturais e econ\u00f4micos. As praias foram classificadas em cinco categorias: urbanas, de vila, rurais, naturais e enclaves, al\u00e9m dos rankings regionais que destacam os litorais do Atl\u00e2ntico, Pac\u00edfico, Caribe e pa\u00edses espec\u00edficos como Brasil, Argentina, Col\u00f4mbia e M\u00e9xico.<\/p>\n<p>Para o prefeito de Cabo Frio, Dr. Serginho, o reconhecimento \u00e9 reflexo do cuidado com o litoral e da import\u00e2ncia tur\u00edstica da cidade:<\/p>\n<p>\u201c\u00c9 um orgulho ver nossas praias sendo reconhecidas internacionalmente mais uma vez. O Pontal do Per\u00f3, as Conchas e o Per\u00f3 n\u00e3o s\u00e3o apenas cart\u00f5es-postais; s\u00e3o espa\u00e7os de conv\u00edvio, lazer, pr\u00e1ticas esportivas e eventos de grande porte, como o Rei e Rainha do Mar, que sediamos recentemente. Al\u00e9m disso, temos o selo Bandeira Azul no Per\u00f3, o que refor\u00e7a nosso compromisso com a qualidade ambiental. Cabo Frio merece esse destaque \u2014 \u00e9, sem d\u00favida, a cidade mais bonita do mundo\u201d, declarou o prefeito.<\/p>\n<p>A presen\u00e7a de tr\u00eas praias cabo-frienses na lista refor\u00e7a a relev\u00e2ncia da cidade no cen\u00e1rio tur\u00edstico nacional e internacional, combinando preserva\u00e7\u00e3o ambiental, infraestrutura e atrativos naturais de alto n\u00edvel.<\/p>\n","protected":false},"excerpt":{"rendered":"<p>Localizada em Cabo Frio, a Praia do Pontal do Per\u00f3 conquistou o 5\u00ba lugar entre as melhores praias de vila das Am\u00e9ricas, em uma avalia\u00e7\u00e3o que analisou 57 localidades. O reconhecimento veio a partir de um estudo desenvolvido pelo Centro Internacional de Forma\u00e7\u00e3o, Gest\u00e3o e Certifica\u00e7\u00e3o de Praias e pelo Grupo de Investiga\u00e7\u00e3o em Sistemas [&hellip;]<\/p>\n","protected":false},"author":2,"featured_media":19465,"comment_status":"open","ping_status":"open","sticky":true,"template":"","format":"standard","meta":{"footnotes":""},"categories":[340],"tags":[1896],"class_list":["post-19464","post","type-post","status-publish","format-standard","has-post-thumbnail","hentry","category-cabo-frio","tag-destaque"],"_links":{"self":[{"href":"https:\/\/blogdodanielgalvao.com.br\/site\/wp-json\/wp\/v2\/posts\/19464","targetHints":{"allow":["GET"]}}],"collection":[{"href":"https:\/\/blogdodanielgalvao.com.br\/site\/wp-json\/wp\/v2\/posts"}],"about":[{"href":"https:\/\/blogdodanielgalvao.com.br\/site\/wp-json\/wp\/v2\/types\/post"}],"author":[{"embeddable":true,"href":"https:\/\/blogdodanielgalvao.com.br\/site\/wp-json\/wp\/v2\/users\/2"}],"replies":[{"embeddable":true,"href":"https:\/\/blogdodanielgalvao.com.br\/site\/wp-json\/wp\/v2\/comments?post=19464"}],"version-history":[{"count":1,"href":"https:\/\/blogdodanielgalvao.com.br\/site\/wp-json\/wp\/v2\/posts\/19464\/revisions"}],"predecessor-version":[{"id":19466,"href":"https:\/\/blogdodanielgalvao.com.br\/site\/wp-json\/wp\/v2\/posts\/19464\/revisions\/19466"}],"wp:featuredmedia":[{"embeddable":true,"href":"https:\/\/blogdodanielgalvao.com.br\/site\/wp-json\/wp\/v2\/media\/19465"}],"wp:attachment":[{"href":"https:\/\/blogdodanielgalvao.com.br\/site\/wp-json\/wp\/v2\/media?parent=19464"}],"wp:term":[{"taxonomy":"category","embeddable":true,"href":"https:\/\/blogdodanielgalvao.com.br\/site\/wp-json\/wp\/v2\/categories?post=19464"},{"taxonomy":"post_tag","embeddable":true,"href":"https:\/\/blogdodanielgalvao.com.br\/site\/wp-json\/wp\/v2\/tags?post=19464"}],"curies":[{"name":"wp","href":"https:\/\/api.w.org\/{rel}","templated":true}]}}