{"id":19458,"date":"2025-06-10T16:22:50","date_gmt":"2025-06-10T19:22:50","guid":{"rendered":"https:\/\/blogdodanielgalvao.com.br\/site\/?p=19458"},"modified":"2025-06-10T16:22:50","modified_gmt":"2025-06-10T19:22:50","slug":"defesa-civil-de-buzios-age-rapido-e-contem-incendio-em-pousada-em-manguinhos","status":"publish","type":"post","link":"https:\/\/blogdodanielgalvao.com.br\/site\/defesa-civil-de-buzios-age-rapido-e-contem-incendio-em-pousada-em-manguinhos\/","title":{"rendered":"Defesa Civil de B\u00fazios age r\u00e1pido e cont\u00e9m inc\u00eandio em pousada em Manguinhos"},"content":{"rendered":"<p>A Coordenadoria de Defesa Civil de Arma\u00e7\u00e3o dos B\u00fazios precisou agir rapidamente nessa segunda-feira, 9, para evitar uma trag\u00e9dia e conter um inc\u00eandio iniciado na Pousada Trevo do Barbuda, em Manguinhos.<\/p>\n<p>A a\u00e7\u00e3o foi conduzida pelo coordenador de Defesa Civil de B\u00fazios, Fl\u00e1vio Salme, e pelo guarda-vidas Guilherme, que contaram com apoio de moradores, e, com baldes de \u00e1gua, conseguiram apagar as chamas antes que elas se espalhassem pela pousada.<\/p>\n<p>De acordo com imagens divulgadas pela prefeitura no final da manh\u00e3 dessa ter\u00e7a-feira, 10, um dos quartos foi completamente destru\u00eddo pelo fogo, que deixou equipamentos e mobili\u00e1rios danificados, mas sem v\u00edtimas, felizmente.<\/p>\n<p>Ainda segundo a prefeitura, a a\u00e7\u00e3o de conten\u00e7\u00e3o do inc\u00eandio contou com o apoio do Corpo de Bombeiros de Cabo Frio, j\u00e1 que o Corpo de Bombeiros de B\u00fazios estaria ocupado atendendo outra chamada na cidade.<\/p>\n<p>Mas gra\u00e7as \u00e0 a\u00e7\u00e3o r\u00e1pida da Defesa Civil, quando os bombeiros chegaram ao local, o inc\u00eandio j\u00e1 havia sido controlado pelos agentes e por moradores da localidade e h\u00f3spedes da pousada, que ajudaram a apagar o fogo.<\/p>\n<p>Ap\u00f3s a realiza\u00e7\u00e3o de uma vistoria, o Corpo de Bombeiros de Cabo Frio atestou que a seguran\u00e7a do local, com o inc\u00eandio totalmente controlado, mas<\/p>\n<p>Em seguida, a guarni\u00e7\u00e3o de Cabo Frio realizou uma vistoria e confirmou que o inc\u00eandio estava totalmente controlado. At\u00e9 a manh\u00e3 dessa ter\u00e7a-feira, ainda n\u00e3o havia informa\u00e7\u00f5es sobre as causas do fogo, que teve in\u00edcio em uma das su\u00edtes da pousada.<\/p>\n","protected":false},"excerpt":{"rendered":"<p>A Coordenadoria de Defesa Civil de Arma\u00e7\u00e3o dos B\u00fazios precisou agir rapidamente nessa segunda-feira, 9, para evitar uma trag\u00e9dia e conter um inc\u00eandio iniciado na Pousada Trevo do Barbuda, em Manguinhos. A a\u00e7\u00e3o foi conduzida pelo coordenador de Defesa Civil de B\u00fazios, Fl\u00e1vio Salme, e pelo guarda-vidas Guilherme, que contaram com apoio de moradores, e, [&hellip;]<\/p>\n","protected":false},"author":2,"featured_media":19461,"comment_status":"open","ping_status":"open","sticky":true,"template":"","format":"standard","meta":{"footnotes":""},"categories":[824],"tags":[1896],"class_list":["post-19458","post","type-post","status-publish","format-standard","has-post-thumbnail","hentry","category-buzios","tag-destaque"],"_links":{"self":[{"href":"https:\/\/blogdodanielgalvao.com.br\/site\/wp-json\/wp\/v2\/posts\/19458","targetHints":{"allow":["GET"]}}],"collection":[{"href":"https:\/\/blogdodanielgalvao.com.br\/site\/wp-json\/wp\/v2\/posts"}],"about":[{"href":"https:\/\/blogdodanielgalvao.com.br\/site\/wp-json\/wp\/v2\/types\/post"}],"author":[{"embeddable":true,"href":"https:\/\/blogdodanielgalvao.com.br\/site\/wp-json\/wp\/v2\/users\/2"}],"replies":[{"embeddable":true,"href":"https:\/\/blogdodanielgalvao.com.br\/site\/wp-json\/wp\/v2\/comments?post=19458"}],"version-history":[{"count":1,"href":"https:\/\/blogdodanielgalvao.com.br\/site\/wp-json\/wp\/v2\/posts\/19458\/revisions"}],"predecessor-version":[{"id":19462,"href":"https:\/\/blogdodanielgalvao.com.br\/site\/wp-json\/wp\/v2\/posts\/19458\/revisions\/19462"}],"wp:featuredmedia":[{"embeddable":true,"href":"https:\/\/blogdodanielgalvao.com.br\/site\/wp-json\/wp\/v2\/media\/19461"}],"wp:attachment":[{"href":"https:\/\/blogdodanielgalvao.com.br\/site\/wp-json\/wp\/v2\/media?parent=19458"}],"wp:term":[{"taxonomy":"category","embeddable":true,"href":"https:\/\/blogdodanielgalvao.com.br\/site\/wp-json\/wp\/v2\/categories?post=19458"},{"taxonomy":"post_tag","embeddable":true,"href":"https:\/\/blogdodanielgalvao.com.br\/site\/wp-json\/wp\/v2\/tags?post=19458"}],"curies":[{"name":"wp","href":"https:\/\/api.w.org\/{rel}","templated":true}]}}