{"id":19455,"date":"2025-06-10T16:10:27","date_gmt":"2025-06-10T19:10:27","guid":{"rendered":"https:\/\/blogdodanielgalvao.com.br\/site\/?p=19455"},"modified":"2025-06-10T16:10:27","modified_gmt":"2025-06-10T19:10:27","slug":"primeira-baleia-jubarte-da-temporada-2025-encalha-morta-na-praia-de-unamar-cabo-frio","status":"publish","type":"post","link":"https:\/\/blogdodanielgalvao.com.br\/site\/primeira-baleia-jubarte-da-temporada-2025-encalha-morta-na-praia-de-unamar-cabo-frio\/","title":{"rendered":"Primeira baleia-jubarte da temporada 2025 encalha morta na praia de Unamar, Cabo Frio"},"content":{"rendered":"<p>O litoral da Regi\u00e3o dos Lagos come\u00e7ou a temporada 2025 com um epis\u00f3dio preocupante: a carca\u00e7a de uma baleia-jubarte foi encontrada na orla da praia de Unamar, em Tamoios, segundo distrito de Cabo Frio. Esse \u00e9 o primeiro registro do tipo nesta temporada, conforme apontam o Instituto BW e o Grupo de Estudos de Mam\u00edferos Marinhos da Regi\u00e3o dos Lagos (GEMM-Lagos).<\/p>\n<p>Logo nas primeiras horas da manh\u00e3 de segunda-feira (9), os especialistas estiveram no local para documentar o animal, que media aproximadamente 7,95 metros. A identifica\u00e7\u00e3o do sexo, entretanto, n\u00e3o foi poss\u00edvel devido ao estado avan\u00e7ado de decomposi\u00e7\u00e3o da carca\u00e7a.<\/p>\n<p>Nenhum sinal de rede de pesca ou outros equipamentos que possam ter causado a morte foram encontrados pelos t\u00e9cnicos no local. A necropsia ser\u00e1 realizada ainda nesta tarde para esclarecer as causas do falecimento.<\/p>\n<p>Depois da coleta de dados, a carca\u00e7a foi enterrada em \u00e1rea adequada pela Companhia de Servi\u00e7os de Cabo Frio (Comsercaf), garantindo o descarte correto. O monitoramento de encalhes desses mam\u00edferos marinhos \u00e9 rotina durante o inverno, quando essas esp\u00e9cies visitam o litoral brasileiro, como parte dos programas de conserva\u00e7\u00e3o\u00a0da\u00a0fauna\u00a0local.<\/p>\n","protected":false},"excerpt":{"rendered":"<p>O litoral da Regi\u00e3o dos Lagos come\u00e7ou a temporada 2025 com um epis\u00f3dio preocupante: a carca\u00e7a de uma baleia-jubarte foi encontrada na orla da praia de Unamar, em Tamoios, segundo distrito de Cabo Frio. Esse \u00e9 o primeiro registro do tipo nesta temporada, conforme apontam o Instituto BW e o Grupo de Estudos de Mam\u00edferos [&hellip;]<\/p>\n","protected":false},"author":2,"featured_media":19456,"comment_status":"open","ping_status":"open","sticky":true,"template":"","format":"standard","meta":{"footnotes":""},"categories":[340],"tags":[1896],"class_list":["post-19455","post","type-post","status-publish","format-standard","has-post-thumbnail","hentry","category-cabo-frio","tag-destaque"],"_links":{"self":[{"href":"https:\/\/blogdodanielgalvao.com.br\/site\/wp-json\/wp\/v2\/posts\/19455","targetHints":{"allow":["GET"]}}],"collection":[{"href":"https:\/\/blogdodanielgalvao.com.br\/site\/wp-json\/wp\/v2\/posts"}],"about":[{"href":"https:\/\/blogdodanielgalvao.com.br\/site\/wp-json\/wp\/v2\/types\/post"}],"author":[{"embeddable":true,"href":"https:\/\/blogdodanielgalvao.com.br\/site\/wp-json\/wp\/v2\/users\/2"}],"replies":[{"embeddable":true,"href":"https:\/\/blogdodanielgalvao.com.br\/site\/wp-json\/wp\/v2\/comments?post=19455"}],"version-history":[{"count":1,"href":"https:\/\/blogdodanielgalvao.com.br\/site\/wp-json\/wp\/v2\/posts\/19455\/revisions"}],"predecessor-version":[{"id":19457,"href":"https:\/\/blogdodanielgalvao.com.br\/site\/wp-json\/wp\/v2\/posts\/19455\/revisions\/19457"}],"wp:featuredmedia":[{"embeddable":true,"href":"https:\/\/blogdodanielgalvao.com.br\/site\/wp-json\/wp\/v2\/media\/19456"}],"wp:attachment":[{"href":"https:\/\/blogdodanielgalvao.com.br\/site\/wp-json\/wp\/v2\/media?parent=19455"}],"wp:term":[{"taxonomy":"category","embeddable":true,"href":"https:\/\/blogdodanielgalvao.com.br\/site\/wp-json\/wp\/v2\/categories?post=19455"},{"taxonomy":"post_tag","embeddable":true,"href":"https:\/\/blogdodanielgalvao.com.br\/site\/wp-json\/wp\/v2\/tags?post=19455"}],"curies":[{"name":"wp","href":"https:\/\/api.w.org\/{rel}","templated":true}]}}