{"id":19451,"date":"2025-06-10T16:05:01","date_gmt":"2025-06-10T19:05:01","guid":{"rendered":"https:\/\/blogdodanielgalvao.com.br\/site\/?p=19451"},"modified":"2025-06-10T16:05:01","modified_gmt":"2025-06-10T19:05:01","slug":"apos-confronto-em-arraial-do-cabo-policia-militar-investiga-supostos-excessos-na-abordagem","status":"publish","type":"post","link":"https:\/\/blogdodanielgalvao.com.br\/site\/apos-confronto-em-arraial-do-cabo-policia-militar-investiga-supostos-excessos-na-abordagem\/","title":{"rendered":"Ap\u00f3s confronto em Arraial do Cabo, Pol\u00edcia Militar investiga supostos excessos na abordagem"},"content":{"rendered":"<p>O Morro da Coca-Cola, em Arraial do Cabo, voltou a ser palco de uma pol\u00eamica envolvendo as for\u00e7as de seguran\u00e7a p\u00fablica. No \u00faltimo dia 14 de maio, uma a\u00e7\u00e3o policial realizada na regi\u00e3o, conhecida pelos desafios sociais e problemas de seguran\u00e7a, ganhou destaque nas redes sociais ap\u00f3s a circula\u00e7\u00e3o de v\u00eddeos que mostraram o desenrolar da abordagem.<\/p>\n<p>A Pol\u00edcia Militar local abriu um procedimento administrativo interno com o objetivo de apurar os fatos e avaliar a conduta dos agentes envolvidos. A corpora\u00e7\u00e3o declarou que est\u00e1 analisando minuciosamente as imagens divulgadas para identificar se houve excessos ou irregularidades durante a interven\u00e7\u00e3o, buscando garantir que os protocolos de atua\u00e7\u00e3o e o respeito aos direitos humanos foram devidamente observados.<\/p>\n<p>Segundo a Pol\u00edcia Militar, os agentes foram acionados para dar suporte \u00e0 Secretaria Municipal de Posturas, que realizava uma fiscaliza\u00e7\u00e3o na \u00e1rea. A corpora\u00e7\u00e3o informou que a a\u00e7\u00e3o enfrentou resist\u00eancia por parte de moradores ou frequentadores do Morro da Coca-Cola, incluindo agress\u00f5es verbais e o arremesso de objetos, como garrafas, contra os policiais.<\/p>\n<p>Durante a opera\u00e7\u00e3o, um indiv\u00edduo foi detido e encaminhado \u00e0 delegacia para prestar esclarecimentos. At\u00e9 o momento, a PM n\u00e3o divulgou resultados oficiais da investiga\u00e7\u00e3o nem indicou se haver\u00e1 san\u00e7\u00f5es disciplinares aos policiais envolvidos. A institui\u00e7\u00e3o reafirmou o compromisso com a transpar\u00eancia e a responsabilidade no andamento do processo, garantindo que eventuais puni\u00e7\u00f5es ser\u00e3o aplicadas caso sejam identificadas falhas.<\/p>\n<p>O epis\u00f3dio reacendeu a discuss\u00e3o local acerca da rela\u00e7\u00e3o tensa entre a popula\u00e7\u00e3o do Morro da Coca-Cola e as for\u00e7as de seguran\u00e7a, evidenciando a complexidade de atuar em \u00e1reas marcadas por conflitos sociais. Moradores e grupos ativistas t\u00eam expressado preocupa\u00e7\u00e3o com abordagens consideradas duras, enquanto a Pol\u00edcia Militar refor\u00e7a a necessidade de manter a ordem p\u00fablica e a seguran\u00e7a.<\/p>\n<p>A investiga\u00e7\u00e3o segue em curso, e a corpora\u00e7\u00e3o assegura que manter\u00e1 a comunidade informada sobre os avan\u00e7os do caso, com o intuito de garantir que a atua\u00e7\u00e3o policial respeite a legisla\u00e7\u00e3o vigente e os direitos civis\u00a0dos\u00a0cidad\u00e3os.<\/p>\n","protected":false},"excerpt":{"rendered":"<p>O Morro da Coca-Cola, em Arraial do Cabo, voltou a ser palco de uma pol\u00eamica envolvendo as for\u00e7as de seguran\u00e7a p\u00fablica. No \u00faltimo dia 14 de maio, uma a\u00e7\u00e3o policial realizada na regi\u00e3o, conhecida pelos desafios sociais e problemas de seguran\u00e7a, ganhou destaque nas redes sociais ap\u00f3s a circula\u00e7\u00e3o de v\u00eddeos que mostraram o desenrolar [&hellip;]<\/p>\n","protected":false},"author":2,"featured_media":19452,"comment_status":"open","ping_status":"open","sticky":true,"template":"","format":"standard","meta":{"footnotes":""},"categories":[838],"tags":[1896],"class_list":["post-19451","post","type-post","status-publish","format-standard","has-post-thumbnail","hentry","category-arraial-do-cabo","tag-destaque"],"_links":{"self":[{"href":"https:\/\/blogdodanielgalvao.com.br\/site\/wp-json\/wp\/v2\/posts\/19451","targetHints":{"allow":["GET"]}}],"collection":[{"href":"https:\/\/blogdodanielgalvao.com.br\/site\/wp-json\/wp\/v2\/posts"}],"about":[{"href":"https:\/\/blogdodanielgalvao.com.br\/site\/wp-json\/wp\/v2\/types\/post"}],"author":[{"embeddable":true,"href":"https:\/\/blogdodanielgalvao.com.br\/site\/wp-json\/wp\/v2\/users\/2"}],"replies":[{"embeddable":true,"href":"https:\/\/blogdodanielgalvao.com.br\/site\/wp-json\/wp\/v2\/comments?post=19451"}],"version-history":[{"count":1,"href":"https:\/\/blogdodanielgalvao.com.br\/site\/wp-json\/wp\/v2\/posts\/19451\/revisions"}],"predecessor-version":[{"id":19453,"href":"https:\/\/blogdodanielgalvao.com.br\/site\/wp-json\/wp\/v2\/posts\/19451\/revisions\/19453"}],"wp:featuredmedia":[{"embeddable":true,"href":"https:\/\/blogdodanielgalvao.com.br\/site\/wp-json\/wp\/v2\/media\/19452"}],"wp:attachment":[{"href":"https:\/\/blogdodanielgalvao.com.br\/site\/wp-json\/wp\/v2\/media?parent=19451"}],"wp:term":[{"taxonomy":"category","embeddable":true,"href":"https:\/\/blogdodanielgalvao.com.br\/site\/wp-json\/wp\/v2\/categories?post=19451"},{"taxonomy":"post_tag","embeddable":true,"href":"https:\/\/blogdodanielgalvao.com.br\/site\/wp-json\/wp\/v2\/tags?post=19451"}],"curies":[{"name":"wp","href":"https:\/\/api.w.org\/{rel}","templated":true}]}}