{"id":19440,"date":"2025-06-10T11:29:46","date_gmt":"2025-06-10T14:29:46","guid":{"rendered":"https:\/\/blogdodanielgalvao.com.br\/site\/?p=19440"},"modified":"2025-06-10T11:29:46","modified_gmt":"2025-06-10T14:29:46","slug":"trilha-das-freiras-e-reativada-e-fortalece-tradicoes-em-tamoios-cabo-frio","status":"publish","type":"post","link":"https:\/\/blogdodanielgalvao.com.br\/site\/trilha-das-freiras-e-reativada-e-fortalece-tradicoes-em-tamoios-cabo-frio\/","title":{"rendered":"Trilha das Freiras \u00e9 reativada e fortalece tradi\u00e7\u00f5es em Tamoios, Cabo Frio"},"content":{"rendered":"<p>Um dos caminhos mais emblem\u00e1ticos e cheios de simbolismo do distrito de Tamoios, em Cabo Frio, est\u00e1 novamente acess\u00edvel ao p\u00fablico. A Trilha das Freiras foi oficialmente reaberta no \u00faltimo s\u00e1bado (7) e volta a fazer parte do circuito de visita\u00e7\u00e3o do Parque Natural Municipal do Mico-Le\u00e3o-Dourado. Com aproximadamente 1 km de trajeto, o passeio parte da sede da unidade de conserva\u00e7\u00e3o e leva os visitantes at\u00e9 a antiga casa amarela, morada hist\u00f3rica de tr\u00eas religiosas do Convento S\u00e3o Jos\u00e9 \u2014 hoje cuidada com zelo pela fam\u00edlia Gomes.<\/p>\n<p>Com sinaliza\u00e7\u00e3o completa, a trilha pode ser percorrida em cerca de 30 minutos em cada trecho. Mas o tempo pode se estender para at\u00e9 1h30, dependendo do interesse dos visitantes pelas paradas ao longo do caminho, que incluem explica\u00e7\u00f5es sobre a vegeta\u00e7\u00e3o nativa, os animais da regi\u00e3o e os epis\u00f3dios hist\u00f3ricos que comp\u00f5em o imagin\u00e1rio local. Todas as visitas s\u00e3o acompanhadas por guias treinados e devem ser agendadas previamente, garantindo seguran\u00e7a e uma experi\u00eancia mais proveitosa.<\/p>\n<p>A trajet\u00f3ria da trilha \u00e9 atravessada por valores de solidariedade e pertencimento comunit\u00e1rio. A resid\u00eancia onde viveram as freiras tem meio s\u00e9culo de exist\u00eancia e foi cedida ao convento de Campos dos Goytacazes por um casal sem filhos, com o objetivo de fomentar iniciativas sociais no local. At\u00e9 hoje, as freiras retornam ao espa\u00e7o anualmente, mantendo uma rela\u00e7\u00e3o afetiva com a regi\u00e3o e sua gente.<\/p>\n<p>Respons\u00e1vel pela manuten\u00e7\u00e3o do espa\u00e7o, a fam\u00edlia Gomes tamb\u00e9m preserva outra tradi\u00e7\u00e3o local: o artesanato com taboa. A mat\u00e9ria-prima \u00e9 colhida ali mesmo, em Tamoios, e transformada em produtos como bolsas, cestos e artigos de decora\u00e7\u00e3o \u2014 um saber passado de gera\u00e7\u00e3o em gera\u00e7\u00e3o.<\/p>\n<p>Para dona L\u00facia Gomes, uma das guardi\u00e3s da casa e da hist\u00f3ria, manter viva essa heran\u00e7a \u00e9 uma miss\u00e3o de vida:<\/p>\n<p>&#8220;\u00c9 uma alegria imensa poder compartilhar essa hist\u00f3ria. A casa foi constru\u00edda com prop\u00f3sito e afeto. A trilha \u00e9 uma oportunidade de mostrar \u00e0s pessoas o valor da nossa cultura e da natureza que nos cerca.\u201d<\/p>\n<p>Recentemente, a casa passou por melhorias para combater a a\u00e7\u00e3o do cupim e garantir a preserva\u00e7\u00e3o de suas caracter\u00edsticas originais. O cuidado constante demonstra o respeito com a mem\u00f3ria de um tempo e de pessoas que ajudaram a moldar a identidade local.<\/p>\n<p>Segundo o secret\u00e1rio de Meio Ambiente, Saneamento e Clima, Jailton Nogueira, a reabertura representa mais que um avan\u00e7o no turismo:<\/p>\n<p>\u201cA Trilha das Freiras n\u00e3o \u00e9 s\u00f3 um atrativo tur\u00edstico \u2014 \u00e9 um elo com as nossas origens. \u00c9 uma forma de valorizar tudo o que Cabo Frio tem de \u00fanico, cultural e ambientalmente. Estamos convidando a popula\u00e7\u00e3o a se reconectar com essa riqueza.\u201d<\/p>\n<p>Evelyn Peixoto, coordenadora do Parque, refor\u00e7a a import\u00e2ncia da iniciativa:<\/p>\n<p>\u201cEsse espa\u00e7o \u00e9 um verdadeiro acervo vivo. A trilha proporciona uma imers\u00e3o educativa e inspiradora, incentivando a conserva\u00e7\u00e3o e o respeito \u00e0 hist\u00f3ria local. \u00c9 uma grande honra para nossa equipe receber os visitantes nesse reencontro com o passado e com a biodiversidade.\u201d<\/p>\n<p>O Parque do Mico-Le\u00e3o-Dourado est\u00e1 aberto ao p\u00fablico com entrada gratuita. O funcionamento \u00e9 de segunda a sexta, das 8h \u00e0s 16h, e aos s\u00e1bados, domingos e feriados, das 9h \u00e0s 15h. Para participar das visitas guiadas, \u00e9 necess\u00e1rio agendamento pr\u00e9vio pelo e-mail <strong><a href=\"mailto:meioambiente@cabofrio.rj.gov.br\">meioambiente@cabofrio.rj.gov.br<\/a><\/strong> ou pelo telefone (22) 3199-1313.<\/p>\n<p>A sede do parque fica na Estrada do Mico-Le\u00e3o-Dourado, s\/n\u00b0,\u00a0em\u00a0Tamoios.<\/p>\n","protected":false},"excerpt":{"rendered":"<p>Um dos caminhos mais emblem\u00e1ticos e cheios de simbolismo do distrito de Tamoios, em Cabo Frio, est\u00e1 novamente acess\u00edvel ao p\u00fablico. A Trilha das Freiras foi oficialmente reaberta no \u00faltimo s\u00e1bado (7) e volta a fazer parte do circuito de visita\u00e7\u00e3o do Parque Natural Municipal do Mico-Le\u00e3o-Dourado. Com aproximadamente 1 km de trajeto, o passeio [&hellip;]<\/p>\n","protected":false},"author":2,"featured_media":19441,"comment_status":"open","ping_status":"open","sticky":true,"template":"","format":"standard","meta":{"footnotes":""},"categories":[340],"tags":[1896],"class_list":["post-19440","post","type-post","status-publish","format-standard","has-post-thumbnail","hentry","category-cabo-frio","tag-destaque"],"_links":{"self":[{"href":"https:\/\/blogdodanielgalvao.com.br\/site\/wp-json\/wp\/v2\/posts\/19440","targetHints":{"allow":["GET"]}}],"collection":[{"href":"https:\/\/blogdodanielgalvao.com.br\/site\/wp-json\/wp\/v2\/posts"}],"about":[{"href":"https:\/\/blogdodanielgalvao.com.br\/site\/wp-json\/wp\/v2\/types\/post"}],"author":[{"embeddable":true,"href":"https:\/\/blogdodanielgalvao.com.br\/site\/wp-json\/wp\/v2\/users\/2"}],"replies":[{"embeddable":true,"href":"https:\/\/blogdodanielgalvao.com.br\/site\/wp-json\/wp\/v2\/comments?post=19440"}],"version-history":[{"count":1,"href":"https:\/\/blogdodanielgalvao.com.br\/site\/wp-json\/wp\/v2\/posts\/19440\/revisions"}],"predecessor-version":[{"id":19442,"href":"https:\/\/blogdodanielgalvao.com.br\/site\/wp-json\/wp\/v2\/posts\/19440\/revisions\/19442"}],"wp:featuredmedia":[{"embeddable":true,"href":"https:\/\/blogdodanielgalvao.com.br\/site\/wp-json\/wp\/v2\/media\/19441"}],"wp:attachment":[{"href":"https:\/\/blogdodanielgalvao.com.br\/site\/wp-json\/wp\/v2\/media?parent=19440"}],"wp:term":[{"taxonomy":"category","embeddable":true,"href":"https:\/\/blogdodanielgalvao.com.br\/site\/wp-json\/wp\/v2\/categories?post=19440"},{"taxonomy":"post_tag","embeddable":true,"href":"https:\/\/blogdodanielgalvao.com.br\/site\/wp-json\/wp\/v2\/tags?post=19440"}],"curies":[{"name":"wp","href":"https:\/\/api.w.org\/{rel}","templated":true}]}}