{"id":19429,"date":"2025-06-09T17:10:52","date_gmt":"2025-06-09T20:10:52","guid":{"rendered":"https:\/\/blogdodanielgalvao.com.br\/site\/?p=19429"},"modified":"2025-06-09T17:10:52","modified_gmt":"2025-06-09T20:10:52","slug":"parceria-com-o-governo-estadual-inicia-limpeza-da-lagoa-de-iriry-em-rio-das-ostras","status":"publish","type":"post","link":"https:\/\/blogdodanielgalvao.com.br\/site\/parceria-com-o-governo-estadual-inicia-limpeza-da-lagoa-de-iriry-em-rio-das-ostras\/","title":{"rendered":"Parceria com o governo estadual inicia limpeza da Lagoa de Iriry, em Rio das Ostras"},"content":{"rendered":"<p>A Prefeitura de Rio das Ostras deu in\u00edcio, no \u00faltimo dia 5 de junho, Dia Mundial do Meio Ambiente, a um trabalho hist\u00f3rico de limpeza da Lagoa de Iriry, popularmente conhecida como Lagoa da Coca-Cola, pela colora\u00e7\u00e3o escura da \u00e1gua.<\/p>\n<p>A a\u00e7\u00e3o come\u00e7ou a ser realizada gra\u00e7as ao apoio do governo estadual, que enviou uma m\u00e1quina anf\u00edbia, respons\u00e1vel pela retirada das gigogas, mas sem afetar o ecossistema da lagoa, considerada um s\u00edmbolo e dos pontos tur\u00edsticos da cidade.<\/p>\n<p>Al\u00e9m disso, o governo estadual tamb\u00e9m acompanhar\u00e1 diretamente as a\u00e7\u00f5es de limpeza da lagoa, atrav\u00e9s da participa\u00e7\u00e3o do Instituto Estadual de Ambiente (Inea), que enviou a m\u00e1quina anf\u00edbia por meio do Programa Limpa Rio.<\/p>\n<p>\u201cEsse avan\u00e7o s\u00f3 foi poss\u00edvel gra\u00e7as ao di\u00e1logo e \u00e0 parceria. Por isso, quero agradecer imensamente ao secret\u00e1rio estadual de Ambiente e Sustentabilidade, Bernardo Rossi (SOLIDARIEDADE), e ao nosso governador Cl\u00e1udio Castro (PL), por entenderem a import\u00e2ncia da nossa lagoa e atenderem nosso pedido com sensibilidade e compromisso\u201d, agradeceu o prefeito Carlos Augusto (PL), em publica\u00e7\u00e3o nas redes sociais, na semana passada.<\/p>\n<p>A prefeitura explica que a retirada das gigogas tem o objetivo de reduzir o processo de eutrofiza\u00e7\u00e3o, que \u00e9 o excesso de nutrientes, que causa o crescimento exagerado dessas algas, e que \u00e9 considerado um problema ambiental que se arrasta h\u00e1 anos e preocupa moradores, turistas e ambientalistas.<\/p>\n<p>Al\u00e9m disso, o munic\u00edpio garante que as a\u00e7\u00f5es seguem as diretrizes do Inea para garantir a prote\u00e7\u00e3o dos recursos h\u00eddricos e das \u00e1reas de preserva\u00e7\u00e3o permanente, destinando o material recolhido para um local adequado, evitando impactos negativos no entorno da lagoa.<\/p>\n","protected":false},"excerpt":{"rendered":"<p>A Prefeitura de Rio das Ostras deu in\u00edcio, no \u00faltimo dia 5 de junho, Dia Mundial do Meio Ambiente, a um trabalho hist\u00f3rico de limpeza da Lagoa de Iriry, popularmente conhecida como Lagoa da Coca-Cola, pela colora\u00e7\u00e3o escura da \u00e1gua. A a\u00e7\u00e3o come\u00e7ou a ser realizada gra\u00e7as ao apoio do governo estadual, que enviou uma [&hellip;]<\/p>\n","protected":false},"author":2,"featured_media":19430,"comment_status":"open","ping_status":"open","sticky":true,"template":"","format":"standard","meta":{"footnotes":""},"categories":[4],"tags":[1896],"class_list":["post-19429","post","type-post","status-publish","format-standard","has-post-thumbnail","hentry","category-rio-das-ostras","tag-destaque"],"_links":{"self":[{"href":"https:\/\/blogdodanielgalvao.com.br\/site\/wp-json\/wp\/v2\/posts\/19429","targetHints":{"allow":["GET"]}}],"collection":[{"href":"https:\/\/blogdodanielgalvao.com.br\/site\/wp-json\/wp\/v2\/posts"}],"about":[{"href":"https:\/\/blogdodanielgalvao.com.br\/site\/wp-json\/wp\/v2\/types\/post"}],"author":[{"embeddable":true,"href":"https:\/\/blogdodanielgalvao.com.br\/site\/wp-json\/wp\/v2\/users\/2"}],"replies":[{"embeddable":true,"href":"https:\/\/blogdodanielgalvao.com.br\/site\/wp-json\/wp\/v2\/comments?post=19429"}],"version-history":[{"count":1,"href":"https:\/\/blogdodanielgalvao.com.br\/site\/wp-json\/wp\/v2\/posts\/19429\/revisions"}],"predecessor-version":[{"id":19431,"href":"https:\/\/blogdodanielgalvao.com.br\/site\/wp-json\/wp\/v2\/posts\/19429\/revisions\/19431"}],"wp:featuredmedia":[{"embeddable":true,"href":"https:\/\/blogdodanielgalvao.com.br\/site\/wp-json\/wp\/v2\/media\/19430"}],"wp:attachment":[{"href":"https:\/\/blogdodanielgalvao.com.br\/site\/wp-json\/wp\/v2\/media?parent=19429"}],"wp:term":[{"taxonomy":"category","embeddable":true,"href":"https:\/\/blogdodanielgalvao.com.br\/site\/wp-json\/wp\/v2\/categories?post=19429"},{"taxonomy":"post_tag","embeddable":true,"href":"https:\/\/blogdodanielgalvao.com.br\/site\/wp-json\/wp\/v2\/tags?post=19429"}],"curies":[{"name":"wp","href":"https:\/\/api.w.org\/{rel}","templated":true}]}}