{"id":19426,"date":"2025-06-09T17:03:14","date_gmt":"2025-06-09T20:03:14","guid":{"rendered":"https:\/\/blogdodanielgalvao.com.br\/site\/?p=19426"},"modified":"2025-06-09T17:03:14","modified_gmt":"2025-06-09T20:03:14","slug":"macae-se-prepara-para-celebrar-santo-antonio-com-festa-entre-12-e-15-de-junho","status":"publish","type":"post","link":"https:\/\/blogdodanielgalvao.com.br\/site\/macae-se-prepara-para-celebrar-santo-antonio-com-festa-entre-12-e-15-de-junho\/","title":{"rendered":"Maca\u00e9 se prepara para celebrar Santo Ant\u00f4nio com festa entre 12 e 15 de junho"},"content":{"rendered":"<p>A Par\u00f3quia Santo Ant\u00f4nio est\u00e1 nos ajustes finais para realizar mais uma edi\u00e7\u00e3o da tradicional Festa de Santo Ant\u00f4nio, que ser\u00e1 realizada entre os dias 12 e 15 de junho, na Pra\u00e7a do Visconde, em Maca\u00e9. Com apoio da Prefeitura e fazendo parte do calend\u00e1rio oficial do munic\u00edpio, o evento \u00e9 um dos mais esperados do ano, reunindo f\u00e9, cultura e solidariedade.<\/p>\n<p>Durante os quatro dias de programa\u00e7\u00e3o, a comunidade macaense e os visitantes poder\u00e3o participar de missas, prociss\u00e3o, apresenta\u00e7\u00f5es culturais, shows musicais, sorteios e do tradicional Almo\u00e7o Solid\u00e1rio. Al\u00e9m de celebrar o padroeiro, a festa tamb\u00e9m tem um prop\u00f3sito social importante: arrecadar recursos para as obras da nova igreja da par\u00f3quia.<\/p>\n<p>O padre Gleison Lima da Silva falou sobre o evento e afirmou que a festa foi muito al\u00e9m da devo\u00e7\u00e3o.<\/p>\n<p>\u201cA fam\u00edlia Santo Ant\u00f4nio est\u00e1 se preparando para acolher de bra\u00e7os abertos a fam\u00edlia macaense. Este evento \u00e9 um marco em nossa regi\u00e3o e oferece entretenimento para toda a fam\u00edlia. A festa tem como objetivo a confraterniza\u00e7\u00e3o e o encontro das pessoas e, tamb\u00e9m, ajudar na constru\u00e7\u00e3o da nova igreja. Santo Ant\u00f4nio \u00e9 um dos santos mais populares do mundo e traz consigo in\u00fameros fi\u00e9is e devotos por causa dos seus milagres\u201d, afirma o sacerdote.<\/p>\n<p>O evento \u00e9 gratuito e aberto a toda a popula\u00e7\u00e3o. Para mais informa\u00e7\u00f5es, a secretaria paroquial atende pelo telefone (22) 2772-5149, pelo e-mail psa.secretaria@gmail.com, ou presencialmente na Travessa Padre Pedro, 671, Visconde de Ara\u00fajo, de segunda a sexta-feira, das 9h \u00e0s 13h e das 14h \u00e0s 18h.<\/p>\n<p>&nbsp;<\/p>\n<p><strong>Confira a programa\u00e7\u00e3o completa:<\/strong><\/p>\n<p><strong>12 de junho (quinta-feira)<\/strong><\/p>\n<p>18h: Santa Missa<\/p>\n<p>20h: Show com Glauco Zulo<\/p>\n<p>&nbsp;<\/p>\n<p><strong>13 de junho (sexta-feira)<\/strong> \u2013 Dia de Santo Ant\u00f4nio<\/p>\n<p>7h, 12h e 19h: Missas com b\u00ean\u00e7\u00e3o dos p\u00e3es<\/p>\n<p>18h: Prociss\u00e3o<\/p>\n<p>20h: Show com Minist\u00e9rio Dom Bosco<\/p>\n<p>&nbsp;<\/p>\n<p><strong>14 de junho (S\u00e1bado)<\/strong><\/p>\n<p>16h: Apresenta\u00e7\u00e3o de Quadrilha Infantil<\/p>\n<p>18h: Santa Missa<\/p>\n<p>21h: Show com Bira Bello<\/p>\n<p>&nbsp;<\/p>\n<p><strong>15 de junho (Domingo)<\/strong><\/p>\n<p>12h: Almo\u00e7o Solid\u00e1rio (Churrasco) com Marco Beraldini (voz e viol\u00e3o)<\/p>\n<p>18h: Santa Missa<\/p>\n<p>20h: Show com Banda Lucky<\/p>\n<p>22h: Sorteio da A\u00e7\u00e3o entre Amigos<\/p>\n","protected":false},"excerpt":{"rendered":"<p>A Par\u00f3quia Santo Ant\u00f4nio est\u00e1 nos ajustes finais para realizar mais uma edi\u00e7\u00e3o da tradicional Festa de Santo Ant\u00f4nio, que ser\u00e1 realizada entre os dias 12 e 15 de junho, na Pra\u00e7a do Visconde, em Maca\u00e9. Com apoio da Prefeitura e fazendo parte do calend\u00e1rio oficial do munic\u00edpio, o evento \u00e9 um dos mais esperados [&hellip;]<\/p>\n","protected":false},"author":2,"featured_media":19427,"comment_status":"open","ping_status":"open","sticky":true,"template":"","format":"standard","meta":{"footnotes":""},"categories":[2],"tags":[1896],"class_list":["post-19426","post","type-post","status-publish","format-standard","has-post-thumbnail","hentry","category-macae","tag-destaque"],"_links":{"self":[{"href":"https:\/\/blogdodanielgalvao.com.br\/site\/wp-json\/wp\/v2\/posts\/19426","targetHints":{"allow":["GET"]}}],"collection":[{"href":"https:\/\/blogdodanielgalvao.com.br\/site\/wp-json\/wp\/v2\/posts"}],"about":[{"href":"https:\/\/blogdodanielgalvao.com.br\/site\/wp-json\/wp\/v2\/types\/post"}],"author":[{"embeddable":true,"href":"https:\/\/blogdodanielgalvao.com.br\/site\/wp-json\/wp\/v2\/users\/2"}],"replies":[{"embeddable":true,"href":"https:\/\/blogdodanielgalvao.com.br\/site\/wp-json\/wp\/v2\/comments?post=19426"}],"version-history":[{"count":1,"href":"https:\/\/blogdodanielgalvao.com.br\/site\/wp-json\/wp\/v2\/posts\/19426\/revisions"}],"predecessor-version":[{"id":19428,"href":"https:\/\/blogdodanielgalvao.com.br\/site\/wp-json\/wp\/v2\/posts\/19426\/revisions\/19428"}],"wp:featuredmedia":[{"embeddable":true,"href":"https:\/\/blogdodanielgalvao.com.br\/site\/wp-json\/wp\/v2\/media\/19427"}],"wp:attachment":[{"href":"https:\/\/blogdodanielgalvao.com.br\/site\/wp-json\/wp\/v2\/media?parent=19426"}],"wp:term":[{"taxonomy":"category","embeddable":true,"href":"https:\/\/blogdodanielgalvao.com.br\/site\/wp-json\/wp\/v2\/categories?post=19426"},{"taxonomy":"post_tag","embeddable":true,"href":"https:\/\/blogdodanielgalvao.com.br\/site\/wp-json\/wp\/v2\/tags?post=19426"}],"curies":[{"name":"wp","href":"https:\/\/api.w.org\/{rel}","templated":true}]}}