{"id":19405,"date":"2025-06-09T15:06:57","date_gmt":"2025-06-09T18:06:57","guid":{"rendered":"https:\/\/blogdodanielgalvao.com.br\/site\/?p=19405"},"modified":"2025-06-09T15:06:57","modified_gmt":"2025-06-09T18:06:57","slug":"suspeito-tenta-furtar-r-400-em-mercadorias-e-e-detido-em-buzios","status":"publish","type":"post","link":"https:\/\/blogdodanielgalvao.com.br\/site\/suspeito-tenta-furtar-r-400-em-mercadorias-e-e-detido-em-buzios\/","title":{"rendered":"Suspeito tenta furtar R$ 400 em mercadorias e \u00e9 detido em B\u00fazios"},"content":{"rendered":"<p>Um homem foi preso em flagrante na tarde do \u00faltimo domingo (8), ap\u00f3s ser surpreendido tentando furtar uma s\u00e9rie de alimentos e produtos de higiene pessoal no Supermercado Avist\u00e3o, no bairro Rasa, em Arma\u00e7\u00e3o dos B\u00fazios.<\/p>\n<p>O caso aconteceu por volta da tarde, dentro do pr\u00f3prio estabelecimento, localizado na Rua Justiniano de Souza. O suspeito foi contido por agentes de seguran\u00e7a do mercado, que j\u00e1 o identificavam como figura conhecida por ocorr\u00eancias semelhantes registradas anteriormente no mesmo local.<\/p>\n<p>Segundo informa\u00e7\u00f5es da ocorr\u00eancia policial, o homem tentou sair do mercado com cerca de R$ 400 em mercadorias, entre elas cinco quilos de lingui\u00e7a, tr\u00eas quilos de carne seca, dois de frango, dois quilos de caf\u00e9, duas latas de leite em p\u00f3 da marca Ninho, dois refis de sabonete l\u00edquido, um pacote de Mucilon e um achocolatado.<\/p>\n<p>Ap\u00f3s o flagrante, a Pol\u00edcia Militar foi acionada. Quando os agentes chegaram ao local, o suspeito j\u00e1 havia sido detido pelos seguran\u00e7as. Ele foi conduzido \u00e0 126\u00aa Delegacia de Pol\u00edcia, em Cabo Frio, onde foi autuado por furto com base no Artigo 155 do C\u00f3digo Penal.<\/p>\n<p>Toda a a\u00e7\u00e3o foi registrada pelas c\u00e2meras do circuito interno de seguran\u00e7a do supermercado. As imagens foram entregues \u00e0s autoridades e integram agora o inqu\u00e9rito. O homem segue preso e permanece \u00e0 disposi\u00e7\u00e3o\u00a0da\u00a0Justi\u00e7a.<\/p>\n","protected":false},"excerpt":{"rendered":"<p>Um homem foi preso em flagrante na tarde do \u00faltimo domingo (8), ap\u00f3s ser surpreendido tentando furtar uma s\u00e9rie de alimentos e produtos de higiene pessoal no Supermercado Avist\u00e3o, no bairro Rasa, em Arma\u00e7\u00e3o dos B\u00fazios. O caso aconteceu por volta da tarde, dentro do pr\u00f3prio estabelecimento, localizado na Rua Justiniano de Souza. O suspeito [&hellip;]<\/p>\n","protected":false},"author":2,"featured_media":19406,"comment_status":"open","ping_status":"open","sticky":true,"template":"","format":"standard","meta":{"footnotes":""},"categories":[824],"tags":[1896],"class_list":["post-19405","post","type-post","status-publish","format-standard","has-post-thumbnail","hentry","category-buzios","tag-destaque"],"_links":{"self":[{"href":"https:\/\/blogdodanielgalvao.com.br\/site\/wp-json\/wp\/v2\/posts\/19405","targetHints":{"allow":["GET"]}}],"collection":[{"href":"https:\/\/blogdodanielgalvao.com.br\/site\/wp-json\/wp\/v2\/posts"}],"about":[{"href":"https:\/\/blogdodanielgalvao.com.br\/site\/wp-json\/wp\/v2\/types\/post"}],"author":[{"embeddable":true,"href":"https:\/\/blogdodanielgalvao.com.br\/site\/wp-json\/wp\/v2\/users\/2"}],"replies":[{"embeddable":true,"href":"https:\/\/blogdodanielgalvao.com.br\/site\/wp-json\/wp\/v2\/comments?post=19405"}],"version-history":[{"count":1,"href":"https:\/\/blogdodanielgalvao.com.br\/site\/wp-json\/wp\/v2\/posts\/19405\/revisions"}],"predecessor-version":[{"id":19407,"href":"https:\/\/blogdodanielgalvao.com.br\/site\/wp-json\/wp\/v2\/posts\/19405\/revisions\/19407"}],"wp:featuredmedia":[{"embeddable":true,"href":"https:\/\/blogdodanielgalvao.com.br\/site\/wp-json\/wp\/v2\/media\/19406"}],"wp:attachment":[{"href":"https:\/\/blogdodanielgalvao.com.br\/site\/wp-json\/wp\/v2\/media?parent=19405"}],"wp:term":[{"taxonomy":"category","embeddable":true,"href":"https:\/\/blogdodanielgalvao.com.br\/site\/wp-json\/wp\/v2\/categories?post=19405"},{"taxonomy":"post_tag","embeddable":true,"href":"https:\/\/blogdodanielgalvao.com.br\/site\/wp-json\/wp\/v2\/tags?post=19405"}],"curies":[{"name":"wp","href":"https:\/\/api.w.org\/{rel}","templated":true}]}}