{"id":19402,"date":"2025-06-09T14:50:48","date_gmt":"2025-06-09T17:50:48","guid":{"rendered":"https:\/\/blogdodanielgalvao.com.br\/site\/?p=19402"},"modified":"2025-06-09T14:50:48","modified_gmt":"2025-06-09T17:50:48","slug":"buzios-participa-da-exporio-turismo-25-no-rio-com-destaque-para-o-artesanato-local","status":"publish","type":"post","link":"https:\/\/blogdodanielgalvao.com.br\/site\/buzios-participa-da-exporio-turismo-25-no-rio-com-destaque-para-o-artesanato-local\/","title":{"rendered":"B\u00fazios participa da ExpoRio Turismo 25, no Rio, com destaque para o artesanato local"},"content":{"rendered":"<p>A Prefeitura de Arma\u00e7\u00e3o dos B\u00fazios participou, na \u00faltima semana, da ExpoRio Turismo 25, que aconteceu entre os dias 5 e 8 desse m\u00eas, no Complexo Lagoon, na Lagoa Rodrigo de Freitas, na Zona Sul do Rio.<\/p>\n<p>Considerada um dos principais eventos do setor no pa\u00eds, e o principal do Estado do Rio, a feira reuniu representantes de todos os 92 munic\u00edpios fluminenses, com discuss\u00f5es voltadas para o turismo, neg\u00f3cios, cultura e entretenimento.<\/p>\n<p>De acordo com a prefeitura, a participa\u00e7\u00e3o de B\u00fazios no evento teve como objetivo promover as potencialidades tur\u00edsticas da cidade, divulgar sua diversidade cultural e refor\u00e7ar o compromisso com o desenvolvimento sustent\u00e1vel e a preserva\u00e7\u00e3o do patrim\u00f4nio local.<\/p>\n<p>Para a feira desse ano, o munic\u00edpio foi representado pelo secret\u00e1rio de Turismo, Thomas Weber, que foi recebido pelo governador Cl\u00e1udio Castro (PL), e pelo secret\u00e1rio estadual de Turismo, Gustavo Tutuca (PP).<\/p>\n<p>\u201cParticipar da ExpoRio Turismo \u00e9 uma oportunidade estrat\u00e9gica para fortalecer a presen\u00e7a de B\u00fazios no cen\u00e1rio tur\u00edstico nacional e internacional. Mais do que divulgar nossas belezas naturais, \u00e9 o momento de valorizar nossa cultura, nossa hist\u00f3ria e a nossa voca\u00e7\u00e3o para o turismo. Estamos aqui, junto \u00e0 Secretaria de Cultura e Patrim\u00f4nio Hist\u00f3rico, com quem dividimos a miss\u00e3o de preservar a ess\u00eancia de B\u00fazios enquanto projetamos o futuro da nossa cidade\u201d, comentou Thomas Weber.<\/p>\n<p>Durante o evento, representantes da Secretaria de Cultura e Patrim\u00f4nio Hist\u00f3rico tamb\u00e9m aproveitaram para expor o artesanato local como uma express\u00e3o aut\u00eantica da identidade buziana, divulgando o trabalho dos artes\u00e3os da cidade para todo o pa\u00eds.<\/p>\n<p>A iniciativa visava a valoriza\u00e7\u00e3o da produ\u00e7\u00e3o artesanal como elemento cultural e gerador de renda, al\u00e9m de estimular o reconhecimento do artesanato como parte essencial da experi\u00eancia tur\u00edstica em B\u00fazios.<\/p>\n<p>Realizada pela Secretaria Estadual de Turismo e pela Companhia de Turismo do Estado do Rio (TurisRio), com apoio da Federa\u00e7\u00e3o do Com\u00e9rcio de Bens, Servi\u00e7os e Turismo do Estado (Fecom\u00e9rcio RJ), a feira promoveu uma integra\u00e7\u00e3o in\u00e9dita entre os setores p\u00fablico e privado, ampliando a oferta e a competitividade do turismo fluminense.<\/p>\n","protected":false},"excerpt":{"rendered":"<p>A Prefeitura de Arma\u00e7\u00e3o dos B\u00fazios participou, na \u00faltima semana, da ExpoRio Turismo 25, que aconteceu entre os dias 5 e 8 desse m\u00eas, no Complexo Lagoon, na Lagoa Rodrigo de Freitas, na Zona Sul do Rio. Considerada um dos principais eventos do setor no pa\u00eds, e o principal do Estado do Rio, a feira [&hellip;]<\/p>\n","protected":false},"author":2,"featured_media":19403,"comment_status":"open","ping_status":"open","sticky":true,"template":"","format":"standard","meta":{"footnotes":""},"categories":[824],"tags":[1896],"class_list":["post-19402","post","type-post","status-publish","format-standard","has-post-thumbnail","hentry","category-buzios","tag-destaque"],"_links":{"self":[{"href":"https:\/\/blogdodanielgalvao.com.br\/site\/wp-json\/wp\/v2\/posts\/19402","targetHints":{"allow":["GET"]}}],"collection":[{"href":"https:\/\/blogdodanielgalvao.com.br\/site\/wp-json\/wp\/v2\/posts"}],"about":[{"href":"https:\/\/blogdodanielgalvao.com.br\/site\/wp-json\/wp\/v2\/types\/post"}],"author":[{"embeddable":true,"href":"https:\/\/blogdodanielgalvao.com.br\/site\/wp-json\/wp\/v2\/users\/2"}],"replies":[{"embeddable":true,"href":"https:\/\/blogdodanielgalvao.com.br\/site\/wp-json\/wp\/v2\/comments?post=19402"}],"version-history":[{"count":1,"href":"https:\/\/blogdodanielgalvao.com.br\/site\/wp-json\/wp\/v2\/posts\/19402\/revisions"}],"predecessor-version":[{"id":19404,"href":"https:\/\/blogdodanielgalvao.com.br\/site\/wp-json\/wp\/v2\/posts\/19402\/revisions\/19404"}],"wp:featuredmedia":[{"embeddable":true,"href":"https:\/\/blogdodanielgalvao.com.br\/site\/wp-json\/wp\/v2\/media\/19403"}],"wp:attachment":[{"href":"https:\/\/blogdodanielgalvao.com.br\/site\/wp-json\/wp\/v2\/media?parent=19402"}],"wp:term":[{"taxonomy":"category","embeddable":true,"href":"https:\/\/blogdodanielgalvao.com.br\/site\/wp-json\/wp\/v2\/categories?post=19402"},{"taxonomy":"post_tag","embeddable":true,"href":"https:\/\/blogdodanielgalvao.com.br\/site\/wp-json\/wp\/v2\/tags?post=19402"}],"curies":[{"name":"wp","href":"https:\/\/api.w.org\/{rel}","templated":true}]}}