{"id":19390,"date":"2025-06-09T12:07:29","date_gmt":"2025-06-09T15:07:29","guid":{"rendered":"https:\/\/blogdodanielgalvao.com.br\/site\/?p=19390"},"modified":"2025-06-09T12:07:29","modified_gmt":"2025-06-09T15:07:29","slug":"roteiro-turistico-em-rocha-leao-em-rio-das-ostras-relembra-historia-da-regiao-nesse-fim-de-semana","status":"publish","type":"post","link":"https:\/\/blogdodanielgalvao.com.br\/site\/roteiro-turistico-em-rocha-leao-em-rio-das-ostras-relembra-historia-da-regiao-nesse-fim-de-semana\/","title":{"rendered":"Roteiro tur\u00edstico em Rocha Le\u00e3o, em Rio das Ostras, relembra hist\u00f3ria da regi\u00e3o nesse fim de semana"},"content":{"rendered":"<p>O distrito de Rocha Le\u00e3o, em Rio das Ostras, ter\u00e1, nesse fim de semana, o seu 1\u00ba roteiro tur\u00edstico estruturado, organizado pela produtora cultural Dayana C\u00eah, e que mistura as belezas naturais com a hist\u00f3ria e mem\u00f3ria afetiva da regi\u00e3o.<\/p>\n<p>Batizada de \u201cRoteiro da Esta\u00e7\u00e3o\u201d, a proposta tem a promessa de unir natureza preservada, patrim\u00f4nio hist\u00f3rico ferrovi\u00e1rio e experi\u00eancias afetivas, consolidando a regi\u00e3o como destino tur\u00edstico no interior fluminense.<\/p>\n<p>O nome \u00e9 em homenagem \u00e0 antiga Esta\u00e7\u00e3o da Uni\u00e3o, fundada em 1888, e onde funciona, desde 1999, a sede do Centro Ferrovi\u00e1rio de Cultura Guilherme Nogueira, administrado pela Funda\u00e7\u00e3o Rio das Ostras de Cultura (FROC).<\/p>\n<p>Outro destaque do roteiro tur\u00edstico, al\u00e9m do patrim\u00f4nio hist\u00f3rico, \u00e9 a caminhada pela Reserva Biol\u00f3gica Uni\u00e3o (Rebio Uni\u00e3o), um dos principais ref\u00fagios do mico-le\u00e3o-dourado, esp\u00e9cie s\u00edmbolo da conserva\u00e7\u00e3o ambiental no Brasil.<\/p>\n<p>Voltado para o ecoturismo, o evento acontece nesse s\u00e1bado, 14, das 8h \u00e0s 12h45, iniciando com uma caminhada ecol\u00f3gica de 5 quil\u00f4metros (km) pela Estrada da Mucuca, um caf\u00e9 da manh\u00e3 \u201cda ro\u00e7a\u201d, e uma visita cultural \u00e0 antiga Esta\u00e7\u00e3o da Uni\u00e3o.<\/p>\n<p>Ap\u00f3s a caminhada pela Rebio Uni\u00e3o, os visitantes ser\u00e3o recebidos com um caf\u00e9 da manh\u00e3 regional, com produtos locais como o mel \u201cRocha Uni\u00e3o\u201d e a presen\u00e7a da ic\u00f4nica Dona Lenir Sarzedas, de 94 anos, considerada guardi\u00e3 da mem\u00f3ria do lugar.<\/p>\n<p>Em seguida, os visitantes ter\u00e3o a oportunidade de fazer uma visita guiada ao Centro Ferrovi\u00e1rio de Cultura Guilherme Nogueira, onde funciona a Sala de Leitura e Espa\u00e7o de Mem\u00f3ria, resgatando a mem\u00f3ria da antiga Estrada de Ferro Leopoldina Railway.<\/p>\n<p>O passeio inclui ainda visitas ao entorno hist\u00f3rico, com paradas no centen\u00e1rio Bazar Sarzedas, na Pra\u00e7a do Trem, na Capela de Nossa Senhora da Concei\u00e7\u00e3o e no Est\u00fadio da Esta\u00e7\u00e3o, espa\u00e7o cultural e criativo da anfitri\u00e3 do roteiro, Dayana C\u00eah.<\/p>\n<p>\u201cQueremos mostrar que o interior tamb\u00e9m tem muito a oferecer: hist\u00f3rias vivas, paisagens preservadas e um acolhimento que s\u00f3 quem vive aqui consegue proporcionar. O \u2018Roteiro da Esta\u00e7\u00e3o\u2019 nasce para integrar Rocha Le\u00e3o ao turismo estadual com respeito \u00e0 natureza, \u00e0 cultura local e \u00e0s pessoas que aqui vivem\u201d, afirma Dayana C\u00eah.<\/p>\n<p>O roteiro tem o custo de 80 reais por pessoa, com desconto para grupos com mais de 5 pessoas, e valores diferenciados para crian\u00e7as, que pagam meia dos 5 aos 12 anos, e t\u00eam participa\u00e7\u00e3o gratuita at\u00e9 4 anos. Para mais informa\u00e7\u00f5es, basta acessar o perfil do evento no Instagram, @roteirodaestacao.<\/p>\n","protected":false},"excerpt":{"rendered":"<p>O distrito de Rocha Le\u00e3o, em Rio das Ostras, ter\u00e1, nesse fim de semana, o seu 1\u00ba roteiro tur\u00edstico estruturado, organizado pela produtora cultural Dayana C\u00eah, e que mistura as belezas naturais com a hist\u00f3ria e mem\u00f3ria afetiva da regi\u00e3o. Batizada de \u201cRoteiro da Esta\u00e7\u00e3o\u201d, a proposta tem a promessa de unir natureza preservada, patrim\u00f4nio [&hellip;]<\/p>\n","protected":false},"author":2,"featured_media":19391,"comment_status":"open","ping_status":"open","sticky":true,"template":"","format":"standard","meta":{"footnotes":""},"categories":[4],"tags":[1896],"class_list":["post-19390","post","type-post","status-publish","format-standard","has-post-thumbnail","hentry","category-rio-das-ostras","tag-destaque"],"_links":{"self":[{"href":"https:\/\/blogdodanielgalvao.com.br\/site\/wp-json\/wp\/v2\/posts\/19390","targetHints":{"allow":["GET"]}}],"collection":[{"href":"https:\/\/blogdodanielgalvao.com.br\/site\/wp-json\/wp\/v2\/posts"}],"about":[{"href":"https:\/\/blogdodanielgalvao.com.br\/site\/wp-json\/wp\/v2\/types\/post"}],"author":[{"embeddable":true,"href":"https:\/\/blogdodanielgalvao.com.br\/site\/wp-json\/wp\/v2\/users\/2"}],"replies":[{"embeddable":true,"href":"https:\/\/blogdodanielgalvao.com.br\/site\/wp-json\/wp\/v2\/comments?post=19390"}],"version-history":[{"count":1,"href":"https:\/\/blogdodanielgalvao.com.br\/site\/wp-json\/wp\/v2\/posts\/19390\/revisions"}],"predecessor-version":[{"id":19392,"href":"https:\/\/blogdodanielgalvao.com.br\/site\/wp-json\/wp\/v2\/posts\/19390\/revisions\/19392"}],"wp:featuredmedia":[{"embeddable":true,"href":"https:\/\/blogdodanielgalvao.com.br\/site\/wp-json\/wp\/v2\/media\/19391"}],"wp:attachment":[{"href":"https:\/\/blogdodanielgalvao.com.br\/site\/wp-json\/wp\/v2\/media?parent=19390"}],"wp:term":[{"taxonomy":"category","embeddable":true,"href":"https:\/\/blogdodanielgalvao.com.br\/site\/wp-json\/wp\/v2\/categories?post=19390"},{"taxonomy":"post_tag","embeddable":true,"href":"https:\/\/blogdodanielgalvao.com.br\/site\/wp-json\/wp\/v2\/tags?post=19390"}],"curies":[{"name":"wp","href":"https:\/\/api.w.org\/{rel}","templated":true}]}}