{"id":19381,"date":"2025-06-09T10:37:53","date_gmt":"2025-06-09T13:37:53","guid":{"rendered":"https:\/\/blogdodanielgalvao.com.br\/site\/?p=19381"},"modified":"2025-06-09T10:37:53","modified_gmt":"2025-06-09T13:37:53","slug":"avancam-as-intervencoes-para-solucionar-problema-de-esgoto-nas-imediacoes-do-mercado-de-peixe-em-cabo-frio","status":"publish","type":"post","link":"https:\/\/blogdodanielgalvao.com.br\/site\/avancam-as-intervencoes-para-solucionar-problema-de-esgoto-nas-imediacoes-do-mercado-de-peixe-em-cabo-frio\/","title":{"rendered":"Avan\u00e7am as interven\u00e7\u00f5es para solucionar problema de esgoto nas imedia\u00e7\u00f5es do Mercado de Peixe, em Cabo Frio"},"content":{"rendered":"<p>Est\u00e3o em andamento as obras de reestrutura\u00e7\u00e3o do sistema de esgotamento sanit\u00e1rio nas proximidades do Mercado de Peixe, em Cabo Frio. A iniciativa, conduzida pela Prefeitura em conjunto com a concession\u00e1ria Prolagos, ter\u00e1 escopo ampliado para atender n\u00e3o s\u00f3 o mercado, mas tamb\u00e9m os residentes e estabelecimentos comerciais da Ilha da Draga.<\/p>\n<p>Na \u00faltima sexta-feira (6), equipes das secretarias de Agricultura e Pesca, Obras e Servi\u00e7os P\u00fablicos, com suporte t\u00e9cnico da Prolagos, iniciaram os trabalhos de limpeza da rede existente. As a\u00e7\u00f5es inclu\u00edram a retirada de res\u00edduos e o jateamento das tubula\u00e7\u00f5es, al\u00e9m do mapeamento detalhado da \u00e1rea para viabilizar a futura instala\u00e7\u00e3o de uma nova esta\u00e7\u00e3o elevat\u00f3ria de esgoto.<\/p>\n<p>\u201cA princ\u00edpio, a estrutura seria voltada exclusivamente para o mercado. No entanto, decidimos ampliar o projeto para abranger todo o esgoto da regi\u00e3o, eliminando os lan\u00e7amentos irregulares no canal. Essa decis\u00e3o surgiu a partir de reuni\u00f5es entre os t\u00e9cnicos da Prefeitura e da concession\u00e1ria, que identificaram a necessidade de uma solu\u00e7\u00e3o mais robusta e duradoura para o saneamento local\u201d, afirmou o secret\u00e1rio de Agricultura, Wellington Escafura.<\/p>\n<p>A previs\u00e3o \u00e9 que a execu\u00e7\u00e3o da nova fase do projeto tenha in\u00edcio j\u00e1 na pr\u00f3xima semana, com foco na melhoria da infraestrutura urbana, na sa\u00fade p\u00fablica e na prote\u00e7\u00e3o ambiental da \u00e1rea que abrange a\u00a0Ilha\u00a0da\u00a0Draga.<\/p>\n","protected":false},"excerpt":{"rendered":"<p>Est\u00e3o em andamento as obras de reestrutura\u00e7\u00e3o do sistema de esgotamento sanit\u00e1rio nas proximidades do Mercado de Peixe, em Cabo Frio. A iniciativa, conduzida pela Prefeitura em conjunto com a concession\u00e1ria Prolagos, ter\u00e1 escopo ampliado para atender n\u00e3o s\u00f3 o mercado, mas tamb\u00e9m os residentes e estabelecimentos comerciais da Ilha da Draga. Na \u00faltima sexta-feira [&hellip;]<\/p>\n","protected":false},"author":2,"featured_media":19382,"comment_status":"open","ping_status":"open","sticky":true,"template":"","format":"standard","meta":{"footnotes":""},"categories":[340],"tags":[1896],"class_list":["post-19381","post","type-post","status-publish","format-standard","has-post-thumbnail","hentry","category-cabo-frio","tag-destaque"],"_links":{"self":[{"href":"https:\/\/blogdodanielgalvao.com.br\/site\/wp-json\/wp\/v2\/posts\/19381","targetHints":{"allow":["GET"]}}],"collection":[{"href":"https:\/\/blogdodanielgalvao.com.br\/site\/wp-json\/wp\/v2\/posts"}],"about":[{"href":"https:\/\/blogdodanielgalvao.com.br\/site\/wp-json\/wp\/v2\/types\/post"}],"author":[{"embeddable":true,"href":"https:\/\/blogdodanielgalvao.com.br\/site\/wp-json\/wp\/v2\/users\/2"}],"replies":[{"embeddable":true,"href":"https:\/\/blogdodanielgalvao.com.br\/site\/wp-json\/wp\/v2\/comments?post=19381"}],"version-history":[{"count":1,"href":"https:\/\/blogdodanielgalvao.com.br\/site\/wp-json\/wp\/v2\/posts\/19381\/revisions"}],"predecessor-version":[{"id":19383,"href":"https:\/\/blogdodanielgalvao.com.br\/site\/wp-json\/wp\/v2\/posts\/19381\/revisions\/19383"}],"wp:featuredmedia":[{"embeddable":true,"href":"https:\/\/blogdodanielgalvao.com.br\/site\/wp-json\/wp\/v2\/media\/19382"}],"wp:attachment":[{"href":"https:\/\/blogdodanielgalvao.com.br\/site\/wp-json\/wp\/v2\/media?parent=19381"}],"wp:term":[{"taxonomy":"category","embeddable":true,"href":"https:\/\/blogdodanielgalvao.com.br\/site\/wp-json\/wp\/v2\/categories?post=19381"},{"taxonomy":"post_tag","embeddable":true,"href":"https:\/\/blogdodanielgalvao.com.br\/site\/wp-json\/wp\/v2\/tags?post=19381"}],"curies":[{"name":"wp","href":"https:\/\/api.w.org\/{rel}","templated":true}]}}