{"id":19378,"date":"2025-06-09T10:13:17","date_gmt":"2025-06-09T13:13:17","guid":{"rendered":"https:\/\/blogdodanielgalvao.com.br\/site\/?p=19378"},"modified":"2025-06-09T10:13:17","modified_gmt":"2025-06-09T13:13:17","slug":"parque-do-mico-leao-dourado-em-cabo-frio-vira-ponto-de-encontro-entre-pessoas-e-biodiversidade","status":"publish","type":"post","link":"https:\/\/blogdodanielgalvao.com.br\/site\/parque-do-mico-leao-dourado-em-cabo-frio-vira-ponto-de-encontro-entre-pessoas-e-biodiversidade\/","title":{"rendered":"Parque do Mico-Le\u00e3o-Dourado em Cabo Frio vira  ponto de encontro entre pessoas e biodiversidade"},"content":{"rendered":"<p>O Parque Natural Municipal do Mico-Le\u00e3o-Dourado, em Tamoios, foi cen\u00e1rio de um encontro marcante entre moradores, estudantes e a biodiversidade local. O espa\u00e7o sediou o encerramento das atividades da Semana do Meio Ambiente com uma programa\u00e7\u00e3o ampla, que envolveu trilhas guiadas, apresenta\u00e7\u00f5es musicais, oficinas interativas, sorteios e a aguardada apari\u00e7\u00e3o dos carism\u00e1ticos micos-le\u00f5es-dourados \u2013 momento que encantou os participantes e refor\u00e7ou o simbolismo do local.<\/p>\n<p>Desde as primeiras horas da manh\u00e3, o p\u00fablico de diferentes idades percorreu os espa\u00e7os do parque, conhecendo iniciativas de educa\u00e7\u00e3o ambiental como a horta agroecol\u00f3gica, o viveiro de mudas nativas, a sementeira, o orquid\u00e1rio e o chamado \u201cviveiro milion\u00e1rio\u201d. As trilhas ecol\u00f3gicas, como a Trilha das Freiras (com cerca de 1 km e m\u00e9dia de 30 minutos) e a Trilha do Jo\u00e3o (440 metros, em cerca de 15 minutos), ganharam novos sentidos com as explica\u00e7\u00f5es dos guias, que promoveram paradas educativas ao longo do percurso.<\/p>\n<p>Segundo Evelyn Peixoto, coordenadora do parque, a retomada do contato da popula\u00e7\u00e3o com o espa\u00e7o marca uma nova fase.<\/p>\n<p>\u201c\u00c9 gratificante ver o parque novamente cheio, recebendo fam\u00edlias, escolas, pessoas de todas as idades. Quem esteve aqui p\u00f4de vivenciar uma experi\u00eancia transformadora, observar os micos no seu habitat e entender a import\u00e2ncia do cuidado ambiental. O parque est\u00e1 revivendo, de portas abertas para todos\u201d.<\/p>\n<p>A programa\u00e7\u00e3o tamb\u00e9m deu espa\u00e7o para o artesanato local, com a presen\u00e7a de artistas como Marlene da Silva, que celebrou a iniciativa:<\/p>\n<p>\u201cFoi uma experi\u00eancia incr\u00edvel. Um ambiente acolhedor, leve, que merece mais visibilidade. Eventos como esse precisam acontecer mais vezes\u201d.<\/p>\n<p>Quem tamb\u00e9m fez quest\u00e3o de estar presente foi Silva Campelo, moradora de Maca\u00e9 e ex-volunt\u00e1ria do parque. Com emo\u00e7\u00e3o, ela compartilhou a alegria de revisitar o local.<\/p>\n<p>\u201cFoi lindo. Um privil\u00e9gio ver tanta gente se conectando com esse espa\u00e7o que considero minha segunda casa\u201d.<\/p>\n<p>A aposentada C\u00e9lia Galitto tamb\u00e9m expressou sua surpresa e entusiasmo com o dia:<\/p>\n<p>\u201cUma del\u00edcia! J\u00e1 falei pro meu filho que aqui \u00e9 \u00f3timo pra passar o dia. Muito verde, ar puro, perfeito pras crian\u00e7as. Primeira vez que venho e j\u00e1 quero voltar\u201d.<\/p>\n<p>Estudantes da Escola Municipal Vanda Roque e de escolas particulares participaram ativamente das atividades, refor\u00e7ando o car\u00e1ter educativo e inclusivo do evento.<\/p>\n<p>A a\u00e7\u00e3o foi organizada pela Prefeitura de Cabo Frio, por meio da Secretaria de Meio Ambiente, Saneamento e Clima, como parte da agenda da Semana do Meio Ambiente. Para o secret\u00e1rio Jaiton Nogueira, o evento refor\u00e7a a miss\u00e3o de educar com base na viv\u00eancia direta com o meio natural.<\/p>\n<p>\u201cA Semana do Meio Ambiente tem um valor simb\u00f3lico, mas o nosso compromisso \u00e9 di\u00e1rio. Focamos nas crian\u00e7as porque elas s\u00e3o o futuro. O parque \u00e9 um tesouro de Tamoios e precisa do envolvimento de todos\u201d, afirmou.<\/p>\n<p>Estiveram presentes tamb\u00e9m representantes de institui\u00e7\u00f5es como o Instituto BW, Projeto Albatroz, Projeto Aves Migrat\u00f3rias e as artes\u00e3s dos coletivos As Dandaras e Flor do Mar. O escritor Carlos Henrique Ferreira participou do evento com a venda de livros, incluindo a obra infantil As Aventuras do Mico-Le\u00e3o Voador, al\u00e9m de miniaturas dos micos em feltro \u2014 homenagens aos ilustres moradores\u00a0do\u00a0parque.<\/p>\n","protected":false},"excerpt":{"rendered":"<p>O Parque Natural Municipal do Mico-Le\u00e3o-Dourado, em Tamoios, foi cen\u00e1rio de um encontro marcante entre moradores, estudantes e a biodiversidade local. O espa\u00e7o sediou o encerramento das atividades da Semana do Meio Ambiente com uma programa\u00e7\u00e3o ampla, que envolveu trilhas guiadas, apresenta\u00e7\u00f5es musicais, oficinas interativas, sorteios e a aguardada apari\u00e7\u00e3o dos carism\u00e1ticos micos-le\u00f5es-dourados \u2013 momento [&hellip;]<\/p>\n","protected":false},"author":2,"featured_media":19379,"comment_status":"open","ping_status":"open","sticky":true,"template":"","format":"standard","meta":{"footnotes":""},"categories":[340],"tags":[1896],"class_list":["post-19378","post","type-post","status-publish","format-standard","has-post-thumbnail","hentry","category-cabo-frio","tag-destaque"],"_links":{"self":[{"href":"https:\/\/blogdodanielgalvao.com.br\/site\/wp-json\/wp\/v2\/posts\/19378","targetHints":{"allow":["GET"]}}],"collection":[{"href":"https:\/\/blogdodanielgalvao.com.br\/site\/wp-json\/wp\/v2\/posts"}],"about":[{"href":"https:\/\/blogdodanielgalvao.com.br\/site\/wp-json\/wp\/v2\/types\/post"}],"author":[{"embeddable":true,"href":"https:\/\/blogdodanielgalvao.com.br\/site\/wp-json\/wp\/v2\/users\/2"}],"replies":[{"embeddable":true,"href":"https:\/\/blogdodanielgalvao.com.br\/site\/wp-json\/wp\/v2\/comments?post=19378"}],"version-history":[{"count":1,"href":"https:\/\/blogdodanielgalvao.com.br\/site\/wp-json\/wp\/v2\/posts\/19378\/revisions"}],"predecessor-version":[{"id":19380,"href":"https:\/\/blogdodanielgalvao.com.br\/site\/wp-json\/wp\/v2\/posts\/19378\/revisions\/19380"}],"wp:featuredmedia":[{"embeddable":true,"href":"https:\/\/blogdodanielgalvao.com.br\/site\/wp-json\/wp\/v2\/media\/19379"}],"wp:attachment":[{"href":"https:\/\/blogdodanielgalvao.com.br\/site\/wp-json\/wp\/v2\/media?parent=19378"}],"wp:term":[{"taxonomy":"category","embeddable":true,"href":"https:\/\/blogdodanielgalvao.com.br\/site\/wp-json\/wp\/v2\/categories?post=19378"},{"taxonomy":"post_tag","embeddable":true,"href":"https:\/\/blogdodanielgalvao.com.br\/site\/wp-json\/wp\/v2\/tags?post=19378"}],"curies":[{"name":"wp","href":"https:\/\/api.w.org\/{rel}","templated":true}]}}