{"id":19368,"date":"2025-06-08T08:28:20","date_gmt":"2025-06-08T11:28:20","guid":{"rendered":"https:\/\/blogdodanielgalvao.com.br\/site\/?p=19368"},"modified":"2025-06-07T16:43:02","modified_gmt":"2025-06-07T19:43:02","slug":"bienal-de-campos-se-despede-com-fim-de-semana-repleto-de-atividades-culturais","status":"publish","type":"post","link":"https:\/\/blogdodanielgalvao.com.br\/site\/bienal-de-campos-se-despede-com-fim-de-semana-repleto-de-atividades-culturais\/","title":{"rendered":"Bienal de Campos se despede com fim de semana repleto de atividades culturais"},"content":{"rendered":"<p>A 12\u00aa Bienal do Livro de Campos chega ao fim neste domingo (8), ap\u00f3s mais de uma semana de intensa programa\u00e7\u00e3o cultural e liter\u00e1ria. Realizada no Centro de Eventos Populares Os\u00f3rio Peixoto (Cepop), a feira segue com entrada gratuita e funcionamento das 9h \u00e0s 21h30.<\/p>\n<p>O fim de semana marca a reta final do evento, com uma agenda repleta de atra\u00e7\u00f5es. Entre os destaques estiveram nomes consagrados como Viviane Mos\u00e9, MV Bill, Andr\u00e9 Trigueiro, Elisa Lucinda, Mary Del Priore, Juliana Dal Piva e Marcelo Janot.<\/p>\n<p>A Bienal \u00e9 uma realiza\u00e7\u00e3o da Prefeitura de Campos, com patroc\u00ednio da Ferroport e da Ecourbis \u2013 Vital Engenharia, por meio da Lei Rouanet, do Minist\u00e9rio da Cultura e do Governo Federal. A organiza\u00e7\u00e3o \u00e9 coordenada pela Funda\u00e7\u00e3o Cultural Jornalista Oswaldo Lima (FCJOL), em parceria com a Secretaria de Educa\u00e7\u00e3o, Ci\u00eancia e Tecnologia (Seduct) e a Secretaria de Turismo.<\/p>\n<p>Com acesso democr\u00e1tico e atra\u00e7\u00f5es para todos os p\u00fablicos, a Bienal reafirma seu papel como um dos principais eventos culturais do interior do estado do Rio de Janeiro.<\/p>\n<p>\u201cEsperamos pela comunidade, com atra\u00e7\u00f5es para pessoas de todas as idades. Temos 24 estandes de editoras e livrarias, exibindo t\u00edtulos variados, com pre\u00e7os especiais. Ser\u00e1 um final de semana de grandes encontros\u201d, convida a presidente da Funda\u00e7\u00e3o Cultural Jornalista Oswaldo Lima (FCJOL), Fernanda Campos.<\/p>\n","protected":false},"excerpt":{"rendered":"<p>A 12\u00aa Bienal do Livro de Campos chega ao fim neste domingo (8), ap\u00f3s mais de uma semana de intensa programa\u00e7\u00e3o cultural e liter\u00e1ria. Realizada no Centro de Eventos Populares Os\u00f3rio Peixoto (Cepop), a feira segue com entrada gratuita e funcionamento das 9h \u00e0s 21h30. O fim de semana marca a reta final do evento, [&hellip;]<\/p>\n","protected":false},"author":2,"featured_media":19369,"comment_status":"open","ping_status":"open","sticky":true,"template":"","format":"standard","meta":{"footnotes":""},"categories":[2331,2097],"tags":[2852],"class_list":["post-19368","post","type-post","status-publish","format-standard","has-post-thumbnail","hentry","category-cultura","category-educacao","tag-bienal-do-livro-de-campos"],"_links":{"self":[{"href":"https:\/\/blogdodanielgalvao.com.br\/site\/wp-json\/wp\/v2\/posts\/19368","targetHints":{"allow":["GET"]}}],"collection":[{"href":"https:\/\/blogdodanielgalvao.com.br\/site\/wp-json\/wp\/v2\/posts"}],"about":[{"href":"https:\/\/blogdodanielgalvao.com.br\/site\/wp-json\/wp\/v2\/types\/post"}],"author":[{"embeddable":true,"href":"https:\/\/blogdodanielgalvao.com.br\/site\/wp-json\/wp\/v2\/users\/2"}],"replies":[{"embeddable":true,"href":"https:\/\/blogdodanielgalvao.com.br\/site\/wp-json\/wp\/v2\/comments?post=19368"}],"version-history":[{"count":1,"href":"https:\/\/blogdodanielgalvao.com.br\/site\/wp-json\/wp\/v2\/posts\/19368\/revisions"}],"predecessor-version":[{"id":19370,"href":"https:\/\/blogdodanielgalvao.com.br\/site\/wp-json\/wp\/v2\/posts\/19368\/revisions\/19370"}],"wp:featuredmedia":[{"embeddable":true,"href":"https:\/\/blogdodanielgalvao.com.br\/site\/wp-json\/wp\/v2\/media\/19369"}],"wp:attachment":[{"href":"https:\/\/blogdodanielgalvao.com.br\/site\/wp-json\/wp\/v2\/media?parent=19368"}],"wp:term":[{"taxonomy":"category","embeddable":true,"href":"https:\/\/blogdodanielgalvao.com.br\/site\/wp-json\/wp\/v2\/categories?post=19368"},{"taxonomy":"post_tag","embeddable":true,"href":"https:\/\/blogdodanielgalvao.com.br\/site\/wp-json\/wp\/v2\/tags?post=19368"}],"curies":[{"name":"wp","href":"https:\/\/api.w.org\/{rel}","templated":true}]}}