{"id":19320,"date":"2025-06-06T16:53:29","date_gmt":"2025-06-06T19:53:29","guid":{"rendered":"https:\/\/blogdodanielgalvao.com.br\/site\/?p=19320"},"modified":"2025-06-06T16:53:29","modified_gmt":"2025-06-06T19:53:29","slug":"cabo-frio-vai-as-ruas-em-defesa-dos-oceanos-com-arte-educacao-e-plantio-simbolico","status":"publish","type":"post","link":"https:\/\/blogdodanielgalvao.com.br\/site\/cabo-frio-vai-as-ruas-em-defesa-dos-oceanos-com-arte-educacao-e-plantio-simbolico\/","title":{"rendered":"Cabo Frio vai \u00e0s ruas em defesa dos oceanos com arte, educa\u00e7\u00e3o e plantio simb\u00f3lico"},"content":{"rendered":"<p>Na manh\u00e3 desta sexta-feira (6), a Praia do Forte foi palco de uma mobiliza\u00e7\u00e3o em defesa do meio ambiente marinho. A iniciativa, que integrou a programa\u00e7\u00e3o da Semana do Meio Ambiente em Cabo Frio, reuniu estudantes, professores, ambientalistas e moradores na Pra\u00e7a da Cidadania para um dia dedicado \u00e0 conscientiza\u00e7\u00e3o ecol\u00f3gica e valoriza\u00e7\u00e3o dos oceanos.<\/p>\n<p>A programa\u00e7\u00e3o incluiu uma mostra educativa do Projeto Albatroz, com foco na prote\u00e7\u00e3o das aves oce\u00e2nicas e nos impactos causados pelo lixo no ecossistema marinho. J\u00e1 o grupo teatral Prolaguito, da concession\u00e1ria Prolagos, levou ao p\u00fablico uma encena\u00e7\u00e3o divertida e informativa sobre o uso respons\u00e1vel da \u00e1gua, cativando desde crian\u00e7as at\u00e9 adultos.<\/p>\n<p>Durante o evento, foi realizado o plantio simb\u00f3lico de esp\u00e9cies nativas, reafirmando o compromisso coletivo com a restaura\u00e7\u00e3o da vegeta\u00e7\u00e3o local e o cuidado com a zona costeira. Participaram estudantes das escolas municipais Edilson Duarte e Amena Mayall, al\u00e9m de col\u00e9gios particulares da cidade, que tiveram uma manh\u00e3 de aprendizado pr\u00e1tico e contato direto com temas ambientais.<\/p>\n<p>Encerrando a programa\u00e7\u00e3o, a ONG Mar Sem Lixo organizou a \u201cMarcha pelos Oceanos\u201d \u2014 uma caminhada simb\u00f3lica pela Orla da Praia do Forte com mensagens de preserva\u00e7\u00e3o marinha e combate \u00e0 polui\u00e7\u00e3o. A a\u00e7\u00e3o contou com apoio da Guarda Civil Municipal, que garantiu a seguran\u00e7a no trajeto.<\/p>\n<p>A atividade foi promovida pela Secretaria Municipal de Meio Ambiente, Saneamento e Clima, em parceria com as pastas de Educa\u00e7\u00e3o, Turismo, Esporte, Cultura, Seguran\u00e7a e Ordem P\u00fablica (por meio da Guarda Mar\u00edtima e Ambiental e Guarda Civil), al\u00e9m da Comsercaf e diversas entidades comprometidas com a prote\u00e7\u00e3o dos biomas da regi\u00e3o.<\/p>\n<p>A programa\u00e7\u00e3o segue neste s\u00e1bado (7), em Tamoios, com um evento especial no Parque Natural Municipal do Mico-Le\u00e3o-Dourado, voltado para alunos da Escola Municipal Wanda Roque e o p\u00fablico em geral.<\/p>\n<p>&nbsp;<\/p>\n<p><strong>Programa\u00e7\u00e3o de s\u00e1bado \u2013 Parque Natural do Mico-Le\u00e3o-Dourado (Tamoios):<\/strong><\/p>\n<p><strong>9h<\/strong> \u2013 Abertura<\/p>\n<p><strong>9h30<\/strong> \u2013 Trilha das Freiras (para escolas e visitantes)<\/p>\n<p><strong>10h30<\/strong> \u2013 Trilha do Jo\u00e3o (para escolas e visitantes)<\/p>\n<p><strong>11h<\/strong> \u2013 M\u00fasica ao vivo<\/p>\n<p><strong>12h<\/strong> \u2013 Sorteio de brindes, caminhada educativa e instala\u00e7\u00e3o de c\u00e2mera trap para monitoramento da fauna<\/p>\n<p><strong>15h30<\/strong> \u2013 Novos sorteios<\/p>\n<p><strong>16h<\/strong> \u2013 Encerramento\u00a0oficial<\/p>\n","protected":false},"excerpt":{"rendered":"<p>Na manh\u00e3 desta sexta-feira (6), a Praia do Forte foi palco de uma mobiliza\u00e7\u00e3o em defesa do meio ambiente marinho. A iniciativa, que integrou a programa\u00e7\u00e3o da Semana do Meio Ambiente em Cabo Frio, reuniu estudantes, professores, ambientalistas e moradores na Pra\u00e7a da Cidadania para um dia dedicado \u00e0 conscientiza\u00e7\u00e3o ecol\u00f3gica e valoriza\u00e7\u00e3o dos oceanos. [&hellip;]<\/p>\n","protected":false},"author":2,"featured_media":19321,"comment_status":"open","ping_status":"open","sticky":true,"template":"","format":"standard","meta":{"footnotes":""},"categories":[340],"tags":[1896],"class_list":["post-19320","post","type-post","status-publish","format-standard","has-post-thumbnail","hentry","category-cabo-frio","tag-destaque"],"_links":{"self":[{"href":"https:\/\/blogdodanielgalvao.com.br\/site\/wp-json\/wp\/v2\/posts\/19320","targetHints":{"allow":["GET"]}}],"collection":[{"href":"https:\/\/blogdodanielgalvao.com.br\/site\/wp-json\/wp\/v2\/posts"}],"about":[{"href":"https:\/\/blogdodanielgalvao.com.br\/site\/wp-json\/wp\/v2\/types\/post"}],"author":[{"embeddable":true,"href":"https:\/\/blogdodanielgalvao.com.br\/site\/wp-json\/wp\/v2\/users\/2"}],"replies":[{"embeddable":true,"href":"https:\/\/blogdodanielgalvao.com.br\/site\/wp-json\/wp\/v2\/comments?post=19320"}],"version-history":[{"count":1,"href":"https:\/\/blogdodanielgalvao.com.br\/site\/wp-json\/wp\/v2\/posts\/19320\/revisions"}],"predecessor-version":[{"id":19322,"href":"https:\/\/blogdodanielgalvao.com.br\/site\/wp-json\/wp\/v2\/posts\/19320\/revisions\/19322"}],"wp:featuredmedia":[{"embeddable":true,"href":"https:\/\/blogdodanielgalvao.com.br\/site\/wp-json\/wp\/v2\/media\/19321"}],"wp:attachment":[{"href":"https:\/\/blogdodanielgalvao.com.br\/site\/wp-json\/wp\/v2\/media?parent=19320"}],"wp:term":[{"taxonomy":"category","embeddable":true,"href":"https:\/\/blogdodanielgalvao.com.br\/site\/wp-json\/wp\/v2\/categories?post=19320"},{"taxonomy":"post_tag","embeddable":true,"href":"https:\/\/blogdodanielgalvao.com.br\/site\/wp-json\/wp\/v2\/tags?post=19320"}],"curies":[{"name":"wp","href":"https:\/\/api.w.org\/{rel}","templated":true}]}}