{"id":19317,"date":"2025-06-06T16:23:38","date_gmt":"2025-06-06T19:23:38","guid":{"rendered":"https:\/\/blogdodanielgalvao.com.br\/site\/?p=19317"},"modified":"2025-06-06T16:23:38","modified_gmt":"2025-06-06T19:23:38","slug":"populacao-cabo-friense-ganha-voz-na-limpeza-urbana-com-novo-canal-da-comsercaf","status":"publish","type":"post","link":"https:\/\/blogdodanielgalvao.com.br\/site\/populacao-cabo-friense-ganha-voz-na-limpeza-urbana-com-novo-canal-da-comsercaf\/","title":{"rendered":"Popula\u00e7\u00e3o cabo-friense ganha voz na limpeza urbana com novo canal da Comsercaf"},"content":{"rendered":"<p>A Companhia de Servi\u00e7os de Cabo Frio (Comsercaf) lan\u00e7ou o \u201cDisque Cidade Limpa\u201d, um novo canal de atendimento criado para estreitar a comunica\u00e7\u00e3o entre os moradores e os servi\u00e7os municipais de limpeza. O objetivo \u00e9 tornar mais f\u00e1cil e r\u00e1pido o envio de den\u00fancias, sugest\u00f5es, reclama\u00e7\u00f5es e informa\u00e7\u00f5es sobre descarte inadequado de lixo, entre outras demandas ligadas \u00e0 limpeza urbana.<\/p>\n<p>O servi\u00e7o funciona pelo telefone (22) 3318-0027, durante o hor\u00e1rio comercial. A proposta \u00e9 oferecer mais agilidade, transpar\u00eancia e conex\u00e3o entre a comunidade e a autarquia, incentivando a participa\u00e7\u00e3o ativa da popula\u00e7\u00e3o na conserva\u00e7\u00e3o dos espa\u00e7os p\u00fablicos.<\/p>\n<p>\u201cO Disque Cidade Limpa \u00e9 um instrumento de gest\u00e3o colaborativa. \u00c9 por meio dele que conseguimos ouvir as pessoas, mapear os problemas e aperfei\u00e7oar continuamente os servi\u00e7os\u201d, afirmou o presidente da Comsercaf, Jehann Costa.<\/p>\n<p>Com essa iniciativa, a Comsercaf espera ampliar o combate ao descarte irregular de res\u00edduos e implementar a\u00e7\u00f5es mais eficazes na coleta, fiscaliza\u00e7\u00e3o e manuten\u00e7\u00e3o da limpeza nos bairros de Cabo Frio.<\/p>\n<p>A popula\u00e7\u00e3o pode contribuir informando locais com entulhos, galhadas, m\u00f3veis velhos e lixo dom\u00e9stico acumulado nas vias p\u00fablicas\u00a0da\u00a0cidade.<\/p>\n","protected":false},"excerpt":{"rendered":"<p>A Companhia de Servi\u00e7os de Cabo Frio (Comsercaf) lan\u00e7ou o \u201cDisque Cidade Limpa\u201d, um novo canal de atendimento criado para estreitar a comunica\u00e7\u00e3o entre os moradores e os servi\u00e7os municipais de limpeza. O objetivo \u00e9 tornar mais f\u00e1cil e r\u00e1pido o envio de den\u00fancias, sugest\u00f5es, reclama\u00e7\u00f5es e informa\u00e7\u00f5es sobre descarte inadequado de lixo, entre outras [&hellip;]<\/p>\n","protected":false},"author":2,"featured_media":19318,"comment_status":"open","ping_status":"open","sticky":true,"template":"","format":"standard","meta":{"footnotes":""},"categories":[340],"tags":[1896],"class_list":["post-19317","post","type-post","status-publish","format-standard","has-post-thumbnail","hentry","category-cabo-frio","tag-destaque"],"_links":{"self":[{"href":"https:\/\/blogdodanielgalvao.com.br\/site\/wp-json\/wp\/v2\/posts\/19317","targetHints":{"allow":["GET"]}}],"collection":[{"href":"https:\/\/blogdodanielgalvao.com.br\/site\/wp-json\/wp\/v2\/posts"}],"about":[{"href":"https:\/\/blogdodanielgalvao.com.br\/site\/wp-json\/wp\/v2\/types\/post"}],"author":[{"embeddable":true,"href":"https:\/\/blogdodanielgalvao.com.br\/site\/wp-json\/wp\/v2\/users\/2"}],"replies":[{"embeddable":true,"href":"https:\/\/blogdodanielgalvao.com.br\/site\/wp-json\/wp\/v2\/comments?post=19317"}],"version-history":[{"count":1,"href":"https:\/\/blogdodanielgalvao.com.br\/site\/wp-json\/wp\/v2\/posts\/19317\/revisions"}],"predecessor-version":[{"id":19319,"href":"https:\/\/blogdodanielgalvao.com.br\/site\/wp-json\/wp\/v2\/posts\/19317\/revisions\/19319"}],"wp:featuredmedia":[{"embeddable":true,"href":"https:\/\/blogdodanielgalvao.com.br\/site\/wp-json\/wp\/v2\/media\/19318"}],"wp:attachment":[{"href":"https:\/\/blogdodanielgalvao.com.br\/site\/wp-json\/wp\/v2\/media?parent=19317"}],"wp:term":[{"taxonomy":"category","embeddable":true,"href":"https:\/\/blogdodanielgalvao.com.br\/site\/wp-json\/wp\/v2\/categories?post=19317"},{"taxonomy":"post_tag","embeddable":true,"href":"https:\/\/blogdodanielgalvao.com.br\/site\/wp-json\/wp\/v2\/tags?post=19317"}],"curies":[{"name":"wp","href":"https:\/\/api.w.org\/{rel}","templated":true}]}}