{"id":19308,"date":"2025-06-06T14:50:31","date_gmt":"2025-06-06T17:50:31","guid":{"rendered":"https:\/\/blogdodanielgalvao.com.br\/site\/?p=19308"},"modified":"2025-06-06T14:50:31","modified_gmt":"2025-06-06T17:50:31","slug":"cras-de-arraial-do-cabo-oferece-oficinas-com-mais-de-100-vagas","status":"publish","type":"post","link":"https:\/\/blogdodanielgalvao.com.br\/site\/cras-de-arraial-do-cabo-oferece-oficinas-com-mais-de-100-vagas\/","title":{"rendered":"CRAS de Arraial do Cabo oferece oficinas com mais de 100 vagas"},"content":{"rendered":"<p>A Prefeitura de Arraial do Cabo, por meio da Secretaria de Desenvolvimento Social, abre na pr\u00f3xima segunda-feira (9) o per\u00edodo de inscri\u00e7\u00f5es para o projeto \u201cOficinas nos CRAS\u201d, que conta com mais de 100 vagas abertas. As atividades ser\u00e3o realizadas nos Centros de Refer\u00eancia de Assist\u00eancia Social (CRAS) localizados no Centro, Monte Alto e Figueira.<\/p>\n<p>O projeto oferece uma programa\u00e7\u00e3o de oficinas voltadas \u00e0 promo\u00e7\u00e3o da sa\u00fade f\u00edsica, emocional e social dos participantes. Entre as atividades est\u00e3o alongamento, gin\u00e1stica laboral, brincadeiras recreativas, momentos de lazer e oficinas psicopedag\u00f3gicas.<\/p>\n<p>&nbsp;<\/p>\n<p><strong>As inscri\u00e7\u00f5es v\u00e3o at\u00e9 o dia 18 de junho, das 8h30 \u00e0s 16h, nos seguintes locais:\u00a0\u00a0\u00a0 <\/strong><\/p>\n<p>&nbsp;<\/p>\n<p><strong>CRAS Amado Juli\u00e3o Nascimento (CRAS Central)<\/strong> \u2013 Rua Vereador Simas, 108, Praia Grande<\/p>\n<p><strong>CRAS Jos\u00e9 Henrique da Silva (Figueira)<\/strong> \u2013 Rua S\u00e3o Janu\u00e1rio, 53<\/p>\n<p><strong>CRAS Francisco Rodrigues (Monte Alto)<\/strong> \u2013 Rua Geraldo Alves C\u00e2ndido, 14B<\/p>\n<p><strong>\u00a0<\/strong><\/p>\n<p><strong>Documentos exigidos:<\/strong><\/p>\n<p>* Comprovante de matr\u00edcula na rede p\u00fablica de ensino<\/p>\n<p>* Folha resumo do Cadastro \u00danico atualizada<\/p>\n<p>* RG e CPF do respons\u00e1vel<\/p>\n<p>* RG ou certid\u00e3o de nascimento e CPF da crian\u00e7a ou adolescente<\/p>\n<p>* Comprovante de resid\u00eancia recente<\/p>\n<p>&nbsp;<\/p>\n<p>As vagas s\u00e3o limitadas. Para mais detalhes, os interessados devem procurar o CRAS mais pr\u00f3ximo de\u00a0sua\u00a0resid\u00eancia.<\/p>\n","protected":false},"excerpt":{"rendered":"<p>A Prefeitura de Arraial do Cabo, por meio da Secretaria de Desenvolvimento Social, abre na pr\u00f3xima segunda-feira (9) o per\u00edodo de inscri\u00e7\u00f5es para o projeto \u201cOficinas nos CRAS\u201d, que conta com mais de 100 vagas abertas. As atividades ser\u00e3o realizadas nos Centros de Refer\u00eancia de Assist\u00eancia Social (CRAS) localizados no Centro, Monte Alto e Figueira. [&hellip;]<\/p>\n","protected":false},"author":2,"featured_media":19309,"comment_status":"open","ping_status":"open","sticky":true,"template":"","format":"standard","meta":{"footnotes":""},"categories":[838],"tags":[1896],"class_list":["post-19308","post","type-post","status-publish","format-standard","has-post-thumbnail","hentry","category-arraial-do-cabo","tag-destaque"],"_links":{"self":[{"href":"https:\/\/blogdodanielgalvao.com.br\/site\/wp-json\/wp\/v2\/posts\/19308","targetHints":{"allow":["GET"]}}],"collection":[{"href":"https:\/\/blogdodanielgalvao.com.br\/site\/wp-json\/wp\/v2\/posts"}],"about":[{"href":"https:\/\/blogdodanielgalvao.com.br\/site\/wp-json\/wp\/v2\/types\/post"}],"author":[{"embeddable":true,"href":"https:\/\/blogdodanielgalvao.com.br\/site\/wp-json\/wp\/v2\/users\/2"}],"replies":[{"embeddable":true,"href":"https:\/\/blogdodanielgalvao.com.br\/site\/wp-json\/wp\/v2\/comments?post=19308"}],"version-history":[{"count":1,"href":"https:\/\/blogdodanielgalvao.com.br\/site\/wp-json\/wp\/v2\/posts\/19308\/revisions"}],"predecessor-version":[{"id":19310,"href":"https:\/\/blogdodanielgalvao.com.br\/site\/wp-json\/wp\/v2\/posts\/19308\/revisions\/19310"}],"wp:featuredmedia":[{"embeddable":true,"href":"https:\/\/blogdodanielgalvao.com.br\/site\/wp-json\/wp\/v2\/media\/19309"}],"wp:attachment":[{"href":"https:\/\/blogdodanielgalvao.com.br\/site\/wp-json\/wp\/v2\/media?parent=19308"}],"wp:term":[{"taxonomy":"category","embeddable":true,"href":"https:\/\/blogdodanielgalvao.com.br\/site\/wp-json\/wp\/v2\/categories?post=19308"},{"taxonomy":"post_tag","embeddable":true,"href":"https:\/\/blogdodanielgalvao.com.br\/site\/wp-json\/wp\/v2\/tags?post=19308"}],"curies":[{"name":"wp","href":"https:\/\/api.w.org\/{rel}","templated":true}]}}