{"id":19305,"date":"2025-06-06T14:18:58","date_gmt":"2025-06-06T17:18:58","guid":{"rendered":"https:\/\/blogdodanielgalvao.com.br\/site\/?p=19305"},"modified":"2025-06-06T14:18:58","modified_gmt":"2025-06-06T17:18:58","slug":"marica-castro-e-quaqua-anunciam-inicio-das-obras-do-porto-no-2o-semestre-desse-ano","status":"publish","type":"post","link":"https:\/\/blogdodanielgalvao.com.br\/site\/marica-castro-e-quaqua-anunciam-inicio-das-obras-do-porto-no-2o-semestre-desse-ano\/","title":{"rendered":"Maric\u00e1: Castro e Quaqu\u00e1 anunciam in\u00edcio das obras do porto no 2\u00ba semestre desse ano"},"content":{"rendered":"<p>Em v\u00eddeo publicado nas redes sociais nessa semana, ao lado do governador Cl\u00e1udio Castro (PL), o prefeito de Maric\u00e1, Washington Quaqu\u00e1 (PT), anunciou o in\u00edcio das obras de constru\u00e7\u00e3o do Terminal de Ponta Negra (TPN) para o 2\u00ba semestre desse ano.<\/p>\n<p>Mais conhecido como Porto de Jacon\u00e9, o empreendimento \u00e9 considerado uma nova fronteira econ\u00f4mica para o Estado, segundo o governador, que acredita que o munic\u00edpio est\u00e1 no caminho certo do desenvolvimento.<\/p>\n<p>\u201cConseguimos avan\u00e7ar com todos os licenciamentos nessa grande parceria com a Prefeitura de Maric\u00e1. Voc\u00ea aproveita uma b\u00ean\u00e7\u00e3o natural, que \u00e9 o petr\u00f3leo, e o transforma em desenvolvimento, em empreendimentos e emprego para a popula\u00e7\u00e3o. N\u00e3o tenho d\u00favidas de que Maric\u00e1 est\u00e1 no caminho\u201d, afirmou Cl\u00e1udio Castro.<\/p>\n<p>Para o prefeito da cidade, a not\u00edcia, que come\u00e7ar\u00e1 a colocar fim a uma espera que j\u00e1 dura 15 anos, s\u00f3 foi poss\u00edvel gra\u00e7as \u00e0 atua\u00e7\u00e3o do Governo do Estado.<\/p>\n<p>\u201cEsse porto s\u00f3 foi poss\u00edvel gra\u00e7as \u00e0 interven\u00e7\u00e3o sempre muito democr\u00e1tica, republicana e proativa do governador Cl\u00e1udio Castro. S\u00e3o 15 anos de luta e essa parceria com o Governo do Estado foi fundamental nesse grande implemento econ\u00f4mico para o Rio de Janeiro, para o Brasil e para Maric\u00e1\u201d, agradeceu Quaqu\u00e1.<\/p>\n<p>De acordo com a prefeitura, o an\u00fancio foi feito durante reuni\u00e3o de Quaqu\u00e1 com Castro, realizada no Pal\u00e1cio Guanabara, em Laranjeiras, sede do governo estadual, e que contou com a presen\u00e7a de empres\u00e1rios do setor portu\u00e1rio.<\/p>\n<p>Com investimento estimado em 1,5 bilh\u00e3o de reais, fruto de um projeto em parceria entre a Prefeitura de Maric\u00e1 e a iniciativa privada, a constru\u00e7\u00e3o do Porto de Jacon\u00e9 tem a expectativa de gerar cerca de 13 mil empregos diretos e indiretos, al\u00e9m de uma arrecada\u00e7\u00e3o anual de 1,3 bilh\u00e3o de reais em royalties.<\/p>\n<p>O caminho para a constru\u00e7\u00e3o do porto foi liberado ap\u00f3s decis\u00e3o do Supremo Tribunal Federal (STF), que negou, em abril desse ano, o \u00faltimo recurso contr\u00e1rio ao empreendimento, liberou o caminho para o in\u00edcio das obras, considerada, desde o in\u00edcio, uma das prioridades da nova gest\u00e3o municipal.<\/p>\n","protected":false},"excerpt":{"rendered":"<p>Em v\u00eddeo publicado nas redes sociais nessa semana, ao lado do governador Cl\u00e1udio Castro (PL), o prefeito de Maric\u00e1, Washington Quaqu\u00e1 (PT), anunciou o in\u00edcio das obras de constru\u00e7\u00e3o do Terminal de Ponta Negra (TPN) para o 2\u00ba semestre desse ano. Mais conhecido como Porto de Jacon\u00e9, o empreendimento \u00e9 considerado uma nova fronteira econ\u00f4mica [&hellip;]<\/p>\n","protected":false},"author":2,"featured_media":19306,"comment_status":"open","ping_status":"open","sticky":true,"template":"","format":"standard","meta":{"footnotes":""},"categories":[299],"tags":[1896],"class_list":["post-19305","post","type-post","status-publish","format-standard","has-post-thumbnail","hentry","category-marica","tag-destaque"],"_links":{"self":[{"href":"https:\/\/blogdodanielgalvao.com.br\/site\/wp-json\/wp\/v2\/posts\/19305","targetHints":{"allow":["GET"]}}],"collection":[{"href":"https:\/\/blogdodanielgalvao.com.br\/site\/wp-json\/wp\/v2\/posts"}],"about":[{"href":"https:\/\/blogdodanielgalvao.com.br\/site\/wp-json\/wp\/v2\/types\/post"}],"author":[{"embeddable":true,"href":"https:\/\/blogdodanielgalvao.com.br\/site\/wp-json\/wp\/v2\/users\/2"}],"replies":[{"embeddable":true,"href":"https:\/\/blogdodanielgalvao.com.br\/site\/wp-json\/wp\/v2\/comments?post=19305"}],"version-history":[{"count":1,"href":"https:\/\/blogdodanielgalvao.com.br\/site\/wp-json\/wp\/v2\/posts\/19305\/revisions"}],"predecessor-version":[{"id":19307,"href":"https:\/\/blogdodanielgalvao.com.br\/site\/wp-json\/wp\/v2\/posts\/19305\/revisions\/19307"}],"wp:featuredmedia":[{"embeddable":true,"href":"https:\/\/blogdodanielgalvao.com.br\/site\/wp-json\/wp\/v2\/media\/19306"}],"wp:attachment":[{"href":"https:\/\/blogdodanielgalvao.com.br\/site\/wp-json\/wp\/v2\/media?parent=19305"}],"wp:term":[{"taxonomy":"category","embeddable":true,"href":"https:\/\/blogdodanielgalvao.com.br\/site\/wp-json\/wp\/v2\/categories?post=19305"},{"taxonomy":"post_tag","embeddable":true,"href":"https:\/\/blogdodanielgalvao.com.br\/site\/wp-json\/wp\/v2\/tags?post=19305"}],"curies":[{"name":"wp","href":"https:\/\/api.w.org\/{rel}","templated":true}]}}