{"id":19302,"date":"2025-06-06T14:04:17","date_gmt":"2025-06-06T17:04:17","guid":{"rendered":"https:\/\/blogdodanielgalvao.com.br\/site\/?p=19302"},"modified":"2025-06-06T14:04:17","modified_gmt":"2025-06-06T17:04:17","slug":"mutirao-social-leva-cursos-saude-e-cidadania-a-familias-de-baixa-renda-em-cabo-frio","status":"publish","type":"post","link":"https:\/\/blogdodanielgalvao.com.br\/site\/mutirao-social-leva-cursos-saude-e-cidadania-a-familias-de-baixa-renda-em-cabo-frio\/","title":{"rendered":"Mutir\u00e3o social leva cursos, sa\u00fade e cidadania a fam\u00edlias de baixa renda em Cabo Frio"},"content":{"rendered":"<p>A Prefeitura de Cabo Frio, por meio da Secretaria da Fam\u00edlia e Juventude, promove neste s\u00e1bado (7), das 9h \u00e0s 12h, mais uma edi\u00e7\u00e3o do \u201cSEFAJUV PRESENTE\u201d. A iniciativa oferece uma s\u00e9rie de servi\u00e7os gratuitos para a popula\u00e7\u00e3o, com foco em jovens e fam\u00edlias em situa\u00e7\u00e3o de vulnerabilidade social. O evento acontecer\u00e1 na Pra\u00e7a do Jardim Cai\u00e7ara.<\/p>\n<p>A programa\u00e7\u00e3o contar\u00e1 com atividades voltadas \u00e0 qualifica\u00e7\u00e3o profissional, assist\u00eancia social, sa\u00fade, cidadania e bem-estar. Durante o evento, os participantes poder\u00e3o se inscrever em cursos profissionalizantes, al\u00e9m de usufruir de servi\u00e7os como corte de cabelo, design de sobrancelhas, aferi\u00e7\u00e3o de press\u00e3o arterial, exame de vista e teste de glicemia.<\/p>\n<p>Na \u00e1rea jur\u00eddica, haver\u00e1 orienta\u00e7\u00f5es e encaminhamentos para processos como div\u00f3rcio e emiss\u00e3o de certid\u00f5es, garantindo acesso facilitado \u00e0 documenta\u00e7\u00e3o civil. Jovens entre 15 e 29 anos tamb\u00e9m poder\u00e3o se cadastrar no programa ID Jovem, que assegura benef\u00edcios como meia-entrada em eventos culturais e esportivos, al\u00e9m de passagens interestaduais gratuitas.<\/p>\n<p>Segundo o secret\u00e1rio da pasta, Rog\u00e9rio Fernandes, o \u201cSEFAJUV PRESENTE\u201d tem percorrido diversos bairros, aproximando a gest\u00e3o p\u00fablica das comunidades e oferecendo caminhos concretos para o desenvolvimento pessoal e profissional dos jovens.<\/p>\n<p>&#8220;Estamos falando de uma juventude que muitas vezes est\u00e1 fora do mercado de trabalho e das pol\u00edticas p\u00fablicas. Levar essas a\u00e7\u00f5es para os bairros \u00e9 uma forma de incluir, gerar oportunidades reais e mostrar que \u00e9 poss\u00edvel transformar realidades com acesso e informa\u00e7\u00e3o&#8221;, destacou o secret\u00e1rio.<\/p>\n<p>O projeto refor\u00e7a o compromisso da gest\u00e3o municipal em garantir direitos, promover inclus\u00e3o e fomentar a cidadania de forma ativa nas\u00a0comunidades.<\/p>\n","protected":false},"excerpt":{"rendered":"<p>A Prefeitura de Cabo Frio, por meio da Secretaria da Fam\u00edlia e Juventude, promove neste s\u00e1bado (7), das 9h \u00e0s 12h, mais uma edi\u00e7\u00e3o do \u201cSEFAJUV PRESENTE\u201d. A iniciativa oferece uma s\u00e9rie de servi\u00e7os gratuitos para a popula\u00e7\u00e3o, com foco em jovens e fam\u00edlias em situa\u00e7\u00e3o de vulnerabilidade social. O evento acontecer\u00e1 na Pra\u00e7a do [&hellip;]<\/p>\n","protected":false},"author":2,"featured_media":19303,"comment_status":"open","ping_status":"open","sticky":true,"template":"","format":"standard","meta":{"footnotes":""},"categories":[340],"tags":[1896],"class_list":["post-19302","post","type-post","status-publish","format-standard","has-post-thumbnail","hentry","category-cabo-frio","tag-destaque"],"_links":{"self":[{"href":"https:\/\/blogdodanielgalvao.com.br\/site\/wp-json\/wp\/v2\/posts\/19302","targetHints":{"allow":["GET"]}}],"collection":[{"href":"https:\/\/blogdodanielgalvao.com.br\/site\/wp-json\/wp\/v2\/posts"}],"about":[{"href":"https:\/\/blogdodanielgalvao.com.br\/site\/wp-json\/wp\/v2\/types\/post"}],"author":[{"embeddable":true,"href":"https:\/\/blogdodanielgalvao.com.br\/site\/wp-json\/wp\/v2\/users\/2"}],"replies":[{"embeddable":true,"href":"https:\/\/blogdodanielgalvao.com.br\/site\/wp-json\/wp\/v2\/comments?post=19302"}],"version-history":[{"count":1,"href":"https:\/\/blogdodanielgalvao.com.br\/site\/wp-json\/wp\/v2\/posts\/19302\/revisions"}],"predecessor-version":[{"id":19304,"href":"https:\/\/blogdodanielgalvao.com.br\/site\/wp-json\/wp\/v2\/posts\/19302\/revisions\/19304"}],"wp:featuredmedia":[{"embeddable":true,"href":"https:\/\/blogdodanielgalvao.com.br\/site\/wp-json\/wp\/v2\/media\/19303"}],"wp:attachment":[{"href":"https:\/\/blogdodanielgalvao.com.br\/site\/wp-json\/wp\/v2\/media?parent=19302"}],"wp:term":[{"taxonomy":"category","embeddable":true,"href":"https:\/\/blogdodanielgalvao.com.br\/site\/wp-json\/wp\/v2\/categories?post=19302"},{"taxonomy":"post_tag","embeddable":true,"href":"https:\/\/blogdodanielgalvao.com.br\/site\/wp-json\/wp\/v2\/tags?post=19302"}],"curies":[{"name":"wp","href":"https:\/\/api.w.org\/{rel}","templated":true}]}}