{"id":19296,"date":"2025-06-06T13:42:45","date_gmt":"2025-06-06T16:42:45","guid":{"rendered":"https:\/\/blogdodanielgalvao.com.br\/site\/?p=19296"},"modified":"2025-06-06T13:42:45","modified_gmt":"2025-06-06T16:42:45","slug":"educacao-ambiental-na-pratica-com-estudantes-participando-de-acoes-ecologicas-em-cabo-frio","status":"publish","type":"post","link":"https:\/\/blogdodanielgalvao.com.br\/site\/educacao-ambiental-na-pratica-com-estudantes-participando-de-acoes-ecologicas-em-cabo-frio\/","title":{"rendered":"Educa\u00e7\u00e3o ambiental na pr\u00e1tica com estudantes participando de a\u00e7\u00f5es ecol\u00f3gicas em Cabo Frio"},"content":{"rendered":"<p>Nesta quinta-feira (5), Dia Mundial do Meio Ambiente, a Prefeitura de Cabo Frio deu in\u00edcio \u00e0 programa\u00e7\u00e3o especial da Semana do Meio Ambiente com uma s\u00e9rie de atividades voltadas exclusivamente para os alunos da rede municipal.<\/p>\n<p>Durante a manh\u00e3, tr\u00eas grupos de estudantes participaram de a\u00e7\u00f5es em contato direto com a natureza. Alunos do 8\u00ba e 9\u00ba ano da Escola Evaldo Salles fizeram uma trilha at\u00e9 o Farol da Lajinha, acompanhados de pais e respons\u00e1veis. Enquanto isso, alunos do 6\u00ba e 7\u00ba ano das escolas Teixeira e Souza e Alfredo Castro visitaram, respectivamente, o Dormit\u00f3rio das Gar\u00e7as e o Horto Municipal Ant\u00f4nio \u00c2ngelo Trindade. As atividades foram voltadas para o aprendizado sobre a fauna, a flora e pr\u00e1ticas sustent\u00e1veis no cotidiano.<\/p>\n<p>Ainda no turno da tarde, a programa\u00e7\u00e3o seguiu na Duna Branca, na Praia do Foguete. Alunos do 5\u00ba ano da Escola Themira Palmer participaram de uma visita guiada pelo local, com direito a uma aula experimental de sandboard, promovendo a integra\u00e7\u00e3o entre lazer e educa\u00e7\u00e3o ambiental.<\/p>\n<p>Ao todo, cerca de 120 estudantes participaram das atividades deste primeiro dia, que tiveram como objetivo despertar a consci\u00eancia ambiental de forma l\u00fadica, educativa e participativa.<\/p>\n<p>A programa\u00e7\u00e3o segue nesta sexta-feira (6), com um grande encontro na Pra\u00e7a da Cidadania, \u00e0s 9h, reunindo 200 alunos das escolas Amena Mayall e Edilson Duarte para oficinas, teatro, plantio de mudas e caminhada ecol\u00f3gica na Praia do Forte. No s\u00e1bado (7), as a\u00e7\u00f5es continuam em Tamoios, com visita ao Parque Natural Municipal do Mico-Le\u00e3o-Dourado dos estudantes da Escola Wanda Roque.<\/p>\n<p>A Semana do Meio Ambiente \u00e9 coordenada pela Secretaria de Meio Ambiente, Saneamento e Clima, em parceria com outras secretarias Educa\u00e7\u00e3o, Turismo, Esportes, Cultura, Seguran\u00e7a e Ordem P\u00fablica, por meio da Guarda Mar\u00edtima e Ambiental, e Comsercaf, al\u00e9m de parceiros que atuam na preserva\u00e7\u00e3o dos biomas locais.<\/p>\n<p>&nbsp;<\/p>\n<p><strong>PROGRAMA\u00c7\u00c3O:<\/strong><\/p>\n<p><strong>Sexta-feira (06) &#8211; Pra\u00e7a da Cidadania, Praia do Forte <\/strong><\/p>\n<p><strong>9h30<\/strong><\/p>\n<p>&#8211; Apresenta\u00e7\u00e3o anima\u00e7\u00e3o musical<\/p>\n<p>&#8211; Oficina de cria\u00e7\u00e3o de cartazes<\/p>\n<p>&#8211; Exposi\u00e7\u00e3o de projetos escolares sobre o lixo nos oceanos<\/p>\n<p><strong>10h15<\/strong><\/p>\n<p>&#8211; Plantio simb\u00f3lico de mudas nativas<\/p>\n<p><strong>10h30<\/strong><\/p>\n<p>&#8211; Apresenta\u00e7\u00e3o teatral com o grupo Prolaguito (Prolagos), abordando de forma l\u00fadica a preserva\u00e7\u00e3o da \u00e1gua<\/p>\n<p><strong>11h<\/strong><\/p>\n<p>&#8211; Marcha pelos Oceanos \u2013 caminhada simb\u00f3lica e pac\u00edfica pela Orla da Praia do Forte (da pra\u00e7a at\u00e9 o Forte, altura do Lido, com retorno).<\/p>\n<p>&nbsp;<\/p>\n<p>&nbsp;<\/p>\n<p><strong>S\u00e1bado (07) &#8211; Parque do Mico-Le\u00e3o-Dourado, em Tamoios <\/strong><\/p>\n<p><strong>9h<\/strong><\/p>\n<p>&#8211; Recep\u00e7\u00e3o com coffee break<\/p>\n<p><strong>9h30<\/strong><\/p>\n<p>&#8211; Trilha das Freiras \u2013 aberta a escolas e ao p\u00fablico<\/p>\n<p><strong>10h30<\/strong><\/p>\n<p>&#8211; Trilha do Jo\u00e3o \u2013 aberta a escolas e ao p\u00fablico<\/p>\n<p><strong>11h<\/strong><\/p>\n<p>&#8211; M\u00fasica ao vivo<\/p>\n<p><strong>12h<\/strong><\/p>\n<p>&#8211; Cerimonial<\/p>\n<p>&#8211; Sorteio de brindes<\/p>\n<p>&#8211; Caminhada educativa pela sede do parque<\/p>\n<p>&#8211; Instala\u00e7\u00e3o de c\u00e2mera trap para monitoramento da fauna<\/p>\n<p><strong>15h30<\/strong><\/p>\n<p>&#8211; Sorteios<\/p>\n<p><strong>16h<\/strong><\/p>\n<p>&#8211; Encerramento oficial\u00a0do\u00a0evento<\/p>\n","protected":false},"excerpt":{"rendered":"<p>Nesta quinta-feira (5), Dia Mundial do Meio Ambiente, a Prefeitura de Cabo Frio deu in\u00edcio \u00e0 programa\u00e7\u00e3o especial da Semana do Meio Ambiente com uma s\u00e9rie de atividades voltadas exclusivamente para os alunos da rede municipal. Durante a manh\u00e3, tr\u00eas grupos de estudantes participaram de a\u00e7\u00f5es em contato direto com a natureza. Alunos do 8\u00ba [&hellip;]<\/p>\n","protected":false},"author":2,"featured_media":19297,"comment_status":"open","ping_status":"open","sticky":true,"template":"","format":"standard","meta":{"footnotes":""},"categories":[340],"tags":[1896],"class_list":["post-19296","post","type-post","status-publish","format-standard","has-post-thumbnail","hentry","category-cabo-frio","tag-destaque"],"_links":{"self":[{"href":"https:\/\/blogdodanielgalvao.com.br\/site\/wp-json\/wp\/v2\/posts\/19296","targetHints":{"allow":["GET"]}}],"collection":[{"href":"https:\/\/blogdodanielgalvao.com.br\/site\/wp-json\/wp\/v2\/posts"}],"about":[{"href":"https:\/\/blogdodanielgalvao.com.br\/site\/wp-json\/wp\/v2\/types\/post"}],"author":[{"embeddable":true,"href":"https:\/\/blogdodanielgalvao.com.br\/site\/wp-json\/wp\/v2\/users\/2"}],"replies":[{"embeddable":true,"href":"https:\/\/blogdodanielgalvao.com.br\/site\/wp-json\/wp\/v2\/comments?post=19296"}],"version-history":[{"count":1,"href":"https:\/\/blogdodanielgalvao.com.br\/site\/wp-json\/wp\/v2\/posts\/19296\/revisions"}],"predecessor-version":[{"id":19298,"href":"https:\/\/blogdodanielgalvao.com.br\/site\/wp-json\/wp\/v2\/posts\/19296\/revisions\/19298"}],"wp:featuredmedia":[{"embeddable":true,"href":"https:\/\/blogdodanielgalvao.com.br\/site\/wp-json\/wp\/v2\/media\/19297"}],"wp:attachment":[{"href":"https:\/\/blogdodanielgalvao.com.br\/site\/wp-json\/wp\/v2\/media?parent=19296"}],"wp:term":[{"taxonomy":"category","embeddable":true,"href":"https:\/\/blogdodanielgalvao.com.br\/site\/wp-json\/wp\/v2\/categories?post=19296"},{"taxonomy":"post_tag","embeddable":true,"href":"https:\/\/blogdodanielgalvao.com.br\/site\/wp-json\/wp\/v2\/tags?post=19296"}],"curies":[{"name":"wp","href":"https:\/\/api.w.org\/{rel}","templated":true}]}}