{"id":19286,"date":"2025-06-06T12:05:58","date_gmt":"2025-06-06T15:05:58","guid":{"rendered":"https:\/\/blogdodanielgalvao.com.br\/site\/?p=19286"},"modified":"2025-06-06T12:05:58","modified_gmt":"2025-06-06T15:05:58","slug":"parada-lgbti-une-forcas-em-arraial-do-cabo-e-cabo-frio-para-ampliar-visibilidade-e-combate-a-lgbtifobia","status":"publish","type":"post","link":"https:\/\/blogdodanielgalvao.com.br\/site\/parada-lgbti-une-forcas-em-arraial-do-cabo-e-cabo-frio-para-ampliar-visibilidade-e-combate-a-lgbtifobia\/","title":{"rendered":"Parada LGBTI+ une for\u00e7as em Arraial do Cabo e Cabo Frio para ampliar visibilidade e combate \u00e0 LGBTIfobia"},"content":{"rendered":"<p>A Prefeitura de Arraial do Cabo, por meio da Secretaria de Turismo, se reuniu na noite de ontem (04) com representantes da Secretaria de Cultura de Cabo Frio, no Charitas, para definir os detalhes da programa\u00e7\u00e3o conjunta da pr\u00f3xima Parada do Orgulho LGBTI+ nos dois munic\u00edpios. Tamb\u00e9m participaram do encontro membros da sociedade civil, setor hoteleiro, associa\u00e7\u00f5es de bares e restaurantes, o Grupo Arraial Free, a equipe do Centro de Cidadania LGBTI do Governo do Estado e ativistas locais da cidade vizinha.<\/p>\n<p>Ficou acertado que a Semana do Orgulho LGBTI+ ser\u00e1 promovida em parceria, com a\u00e7\u00f5es de combate \u00e0 LGBTIfobia e eventos comemorativos espalhados pelas duas cidades.<\/p>\n<p>\u201cEssa parceria marca um momento hist\u00f3rico, pois \u00e9 a primeira vez que Arraial do Cabo e Cabo Frio unem for\u00e7as para realizar uma programa\u00e7\u00e3o integrada em defesa e inclus\u00e3o da comunidade LGBTQIAPN+\u201d, afirmou Junior Chuchu, secret\u00e1rio de Turismo de Arraial do Cabo.<\/p>\n<p>O coletivo Arraial Free ressaltou a relev\u00e2ncia dessa articula\u00e7\u00e3o para impulsionar o turismo LGBTI+ na Regi\u00e3o dos Lagos, al\u00e9m de refor\u00e7ar a luta contra a LGBTIfobia, destacando o compromisso com o di\u00e1logo aberto entre movimentos sociais e administra\u00e7\u00f5es municipais para ampliar o alcance e a visibilidade da Parada do Orgulho.<\/p>\n<p>As atividades est\u00e3o previstas para acontecer nos dias 6 e 7 de setembro, simultaneamente nas\u00a0duas\u00a0cidades.<\/p>\n","protected":false},"excerpt":{"rendered":"<p>A Prefeitura de Arraial do Cabo, por meio da Secretaria de Turismo, se reuniu na noite de ontem (04) com representantes da Secretaria de Cultura de Cabo Frio, no Charitas, para definir os detalhes da programa\u00e7\u00e3o conjunta da pr\u00f3xima Parada do Orgulho LGBTI+ nos dois munic\u00edpios. Tamb\u00e9m participaram do encontro membros da sociedade civil, setor [&hellip;]<\/p>\n","protected":false},"author":2,"featured_media":19287,"comment_status":"open","ping_status":"open","sticky":true,"template":"","format":"standard","meta":{"footnotes":""},"categories":[838,340],"tags":[1896],"class_list":["post-19286","post","type-post","status-publish","format-standard","has-post-thumbnail","hentry","category-arraial-do-cabo","category-cabo-frio","tag-destaque"],"_links":{"self":[{"href":"https:\/\/blogdodanielgalvao.com.br\/site\/wp-json\/wp\/v2\/posts\/19286","targetHints":{"allow":["GET"]}}],"collection":[{"href":"https:\/\/blogdodanielgalvao.com.br\/site\/wp-json\/wp\/v2\/posts"}],"about":[{"href":"https:\/\/blogdodanielgalvao.com.br\/site\/wp-json\/wp\/v2\/types\/post"}],"author":[{"embeddable":true,"href":"https:\/\/blogdodanielgalvao.com.br\/site\/wp-json\/wp\/v2\/users\/2"}],"replies":[{"embeddable":true,"href":"https:\/\/blogdodanielgalvao.com.br\/site\/wp-json\/wp\/v2\/comments?post=19286"}],"version-history":[{"count":1,"href":"https:\/\/blogdodanielgalvao.com.br\/site\/wp-json\/wp\/v2\/posts\/19286\/revisions"}],"predecessor-version":[{"id":19288,"href":"https:\/\/blogdodanielgalvao.com.br\/site\/wp-json\/wp\/v2\/posts\/19286\/revisions\/19288"}],"wp:featuredmedia":[{"embeddable":true,"href":"https:\/\/blogdodanielgalvao.com.br\/site\/wp-json\/wp\/v2\/media\/19287"}],"wp:attachment":[{"href":"https:\/\/blogdodanielgalvao.com.br\/site\/wp-json\/wp\/v2\/media?parent=19286"}],"wp:term":[{"taxonomy":"category","embeddable":true,"href":"https:\/\/blogdodanielgalvao.com.br\/site\/wp-json\/wp\/v2\/categories?post=19286"},{"taxonomy":"post_tag","embeddable":true,"href":"https:\/\/blogdodanielgalvao.com.br\/site\/wp-json\/wp\/v2\/tags?post=19286"}],"curies":[{"name":"wp","href":"https:\/\/api.w.org\/{rel}","templated":true}]}}