{"id":19283,"date":"2025-06-06T11:52:15","date_gmt":"2025-06-06T14:52:15","guid":{"rendered":"https:\/\/blogdodanielgalvao.com.br\/site\/?p=19283"},"modified":"2025-06-06T11:52:15","modified_gmt":"2025-06-06T14:52:15","slug":"prefeita-de-araruama-ve-criacao-de-consorcio-intermunicipal-como-um-fortalecimento-da-regiao","status":"publish","type":"post","link":"https:\/\/blogdodanielgalvao.com.br\/site\/prefeita-de-araruama-ve-criacao-de-consorcio-intermunicipal-como-um-fortalecimento-da-regiao\/","title":{"rendered":"Prefeita de Araruama v\u00ea cria\u00e7\u00e3o de cons\u00f3rcio intermunicipal como um fortalecimento da regi\u00e3o"},"content":{"rendered":"<p>Em uma semana hist\u00f3rica para a Regi\u00e3o dos Lagos e das Baixadas Litor\u00e2neas, a prefeita de Araruama, Daniela Soares (PL), foi outra a ressaltar a import\u00e2ncia da uni\u00e3o da regi\u00e3o, durante um evento realizado nessa quarta-feira, 4, para a cria\u00e7\u00e3o de um cons\u00f3rcio intermunicipal.<\/p>\n<p>A reuni\u00e3o, realizada em Arraial do Cabo, reuniu prefeitos e representantes de 10 munic\u00edpios da regi\u00e3o, Arraial, Araruama, Arma\u00e7\u00e3o dos B\u00fazios, Cabo Frio, Casimiro de Abreu, Iguaba Grande, Rio das Ostras, Saquarema, S\u00e3o Pedro da Aldeia e Silva Jardim, que far\u00e3o parte do cons\u00f3rcio.<\/p>\n<p>De acordo com a prefeita de Araruama, o encontro \u00e9 um marco para o fortalecimento das cidades da regi\u00e3o, mostrando uma uni\u00e3o in\u00e9dita na hist\u00f3ria entre os munic\u00edpios, visando o desenvolvimento de diversos setores, como sa\u00fade, educa\u00e7\u00e3o, seguran\u00e7a, turismo, entre outros.<\/p>\n<p>\u201cFoi muito importante para mim, para a nossa cidade, para o nosso munic\u00edpio, essa uni\u00e3o, esse fortalecimento da regi\u00e3o. Hoje (quarta, 4) a gente discutiu sobre o cons\u00f3rcio, que ser\u00e1 concretizado. \u00c9 uma for\u00e7a e um desejo de todos os prefeitos. Ent\u00e3o, \u00e9 um momento muito importante para toda nossa regi\u00e3o\u201d, comentou Daniela Soares.<\/p>\n<p>Em entrevista ao portal CIC7 Not\u00edcias, ap\u00f3s o evento, que contou com um coquetel e uma apresenta\u00e7\u00e3o do projeto do cons\u00f3rcio, com a presen\u00e7a de prefeitos e representantes das cidades participantes, al\u00e9m de convidados e lideran\u00e7as regionais e nacionais, a prefeita falou ainda sobre a troca de experi\u00eancia por estar ao lado de lideran\u00e7as experientes da regi\u00e3o.<\/p>\n<p>\u201cS\u00e3o prefeitos novos e prefeitos com mais experi\u00eancia. E com certeza isso faz com que a gente tenha outro ponto de vista, observe outras administra\u00e7\u00f5es para que a gente possa trazer experi\u00eancias positivas para o nosso munic\u00edpio. Ent\u00e3o isso a\u00ed, cada vez que a gente est\u00e1 perto, \u00e9 uma novidade, um avan\u00e7o que a gente, coletivo\u201d, comentou Daniela Soares.<\/p>\n<p>O encontro contou ainda com a presen\u00e7a do prefeito de Arraial do Cabo, Marcelo Magno (PL), e do ex-prefeito de Iguaba Grande, Vantoil Martins (CIDADANIA), duas das lideran\u00e7as do projeto do cons\u00f3rcio, al\u00e9m dos prefeitos de Cabo Frio, Dr. Serginho (PL); de Iguaba, Fabinho (CIDADANIA); de Rio das Ostras, Carlos Augusto (PL); de Saquarema, Lucimar (PL); e S\u00e3o Pedro, F\u00e1bio do Pastel (PL); e de representantes de B\u00fazios, Casimiro e Silva Jardim.<\/p>\n<p>\u201cAraruama voltou \u00e0 mesa das decis\u00f5es que constroem o futuro da nossa regi\u00e3o, com voz, protagonismo e compromisso!\u201d, comemorou o secret\u00e1rio de Governo, Anderson Moura (PL), que tamb\u00e9m participou do encontro, em publica\u00e7\u00e3o nas redes sociais.<\/p>\n<p>Tamb\u00e9m participaram do encontro o prefeito de Italva, L\u00e9o Pelanca (PL), que tamb\u00e9m \u00e9 presidente do Cons\u00f3rcio Intermunicipal de Desenvolvimento do Norte e Noroeste Fluminense (Cidennf), e a ex-prefeita de Quissam\u00e3 e atual coordenadora de Parcerias Regionais da Ag\u00eancia Brasileira de Promo\u00e7\u00e3o Internacional do Turismo (Embratur), F\u00e1tima Pacheco (UNI\u00c3O).<\/p>\n","protected":false},"excerpt":{"rendered":"<p>Em uma semana hist\u00f3rica para a Regi\u00e3o dos Lagos e das Baixadas Litor\u00e2neas, a prefeita de Araruama, Daniela Soares (PL), foi outra a ressaltar a import\u00e2ncia da uni\u00e3o da regi\u00e3o, durante um evento realizado nessa quarta-feira, 4, para a cria\u00e7\u00e3o de um cons\u00f3rcio intermunicipal. A reuni\u00e3o, realizada em Arraial do Cabo, reuniu prefeitos e representantes [&hellip;]<\/p>\n","protected":false},"author":2,"featured_media":19284,"comment_status":"open","ping_status":"open","sticky":true,"template":"","format":"standard","meta":{"footnotes":""},"categories":[208],"tags":[1896],"class_list":["post-19283","post","type-post","status-publish","format-standard","has-post-thumbnail","hentry","category-araruama","tag-destaque"],"_links":{"self":[{"href":"https:\/\/blogdodanielgalvao.com.br\/site\/wp-json\/wp\/v2\/posts\/19283","targetHints":{"allow":["GET"]}}],"collection":[{"href":"https:\/\/blogdodanielgalvao.com.br\/site\/wp-json\/wp\/v2\/posts"}],"about":[{"href":"https:\/\/blogdodanielgalvao.com.br\/site\/wp-json\/wp\/v2\/types\/post"}],"author":[{"embeddable":true,"href":"https:\/\/blogdodanielgalvao.com.br\/site\/wp-json\/wp\/v2\/users\/2"}],"replies":[{"embeddable":true,"href":"https:\/\/blogdodanielgalvao.com.br\/site\/wp-json\/wp\/v2\/comments?post=19283"}],"version-history":[{"count":1,"href":"https:\/\/blogdodanielgalvao.com.br\/site\/wp-json\/wp\/v2\/posts\/19283\/revisions"}],"predecessor-version":[{"id":19285,"href":"https:\/\/blogdodanielgalvao.com.br\/site\/wp-json\/wp\/v2\/posts\/19283\/revisions\/19285"}],"wp:featuredmedia":[{"embeddable":true,"href":"https:\/\/blogdodanielgalvao.com.br\/site\/wp-json\/wp\/v2\/media\/19284"}],"wp:attachment":[{"href":"https:\/\/blogdodanielgalvao.com.br\/site\/wp-json\/wp\/v2\/media?parent=19283"}],"wp:term":[{"taxonomy":"category","embeddable":true,"href":"https:\/\/blogdodanielgalvao.com.br\/site\/wp-json\/wp\/v2\/categories?post=19283"},{"taxonomy":"post_tag","embeddable":true,"href":"https:\/\/blogdodanielgalvao.com.br\/site\/wp-json\/wp\/v2\/tags?post=19283"}],"curies":[{"name":"wp","href":"https:\/\/api.w.org\/{rel}","templated":true}]}}