{"id":19280,"date":"2025-06-06T11:15:16","date_gmt":"2025-06-06T14:15:16","guid":{"rendered":"https:\/\/blogdodanielgalvao.com.br\/site\/?p=19280"},"modified":"2025-06-06T11:15:16","modified_gmt":"2025-06-06T14:15:16","slug":"feira-ecopets-traz-a-tona-discussao-sobre-crueldade-animal-e-consciencia-ecologica-em-arraial-do-cabo","status":"publish","type":"post","link":"https:\/\/blogdodanielgalvao.com.br\/site\/feira-ecopets-traz-a-tona-discussao-sobre-crueldade-animal-e-consciencia-ecologica-em-arraial-do-cabo\/","title":{"rendered":"Feira Ecopets traz \u00e0 tona discuss\u00e3o sobre crueldade animal e consci\u00eancia ecol\u00f3gica em Arraial do Cabo"},"content":{"rendered":"<p>Na manh\u00e3 desta quinta-feira (05), Arraial do Cabo sediou mais uma a\u00e7\u00e3o dentro da Semana do Meio Ambiente: a Feira Ecopets, realizada na pra\u00e7a do Guarany, no cora\u00e7\u00e3o da cidade, que contou com a participa\u00e7\u00e3o de diversas organiza\u00e7\u00f5es ligadas \u00e0 prote\u00e7\u00e3o ambiental.<\/p>\n<p>Al\u00e9m da Secretaria do Ambiente e Saneamento (Semas), o evento reuniu ativistas pelos direitos dos animais, representantes da Cl\u00ednica Municipal de Castra\u00e7\u00e3o, os projetos Causa Animal e Albatroz, o Instituto BW, o grupo Lagos em A\u00e7\u00e3o, o ICMBio, equipes de Limpeza de Praia, al\u00e9m da Biojoias e da Cooperativa local de Reciclagem.<\/p>\n<p>Professores e estudantes da rede p\u00fablica de ensino tamb\u00e9m marcaram presen\u00e7a nos estandes, acompanhando palestras que abordaram a relev\u00e2ncia da separa\u00e7\u00e3o correta do lixo, o enfrentamento aos maus-tratos e o cuidado com o bem-estar animal, al\u00e9m de receberem orienta\u00e7\u00f5es pr\u00e1ticas sobre como agir ao encontrar ou resgatar animais silvestres.<\/p>\n<p>&nbsp;<\/p>\n<p><strong>As atividades desenvolvidas inclu\u00edram:<\/strong><\/p>\n<ul>\n<li>Apresenta\u00e7\u00e3o sobre pr\u00e1ticas de reciclagem;<\/li>\n<li>Ado\u00e7\u00e3o de pets;<\/li>\n<li>Marca\u00e7\u00e3o para castra\u00e7\u00e3o;<\/li>\n<li>Vacina\u00e7\u00e3o contra raiva;<\/li>\n<li>Tratamento antiparasit\u00e1rio;<\/li>\n<li>Coleta de materiais recicl\u00e1veis, eletr\u00f4nicos e \u00f3leo de cozinha usado;<\/li>\n<li>Campanhas de alerta contra maus-tratos e alimenta\u00e7\u00e3o inadequada de animais silvestres.<\/li>\n<\/ul>\n<p>&nbsp;<\/p>\n<p>\u201cO compromisso de Arraial do Cabo com a preserva\u00e7\u00e3o ambiental cresce a cada dia, porque isso reflete diretamente na qualidade de vida da popula\u00e7\u00e3o. Eventos como este s\u00e3o fundamentais para levar informa\u00e7\u00e3o de forma acess\u00edvel e promover um engajamento maior da comunidade no cuidado com o nosso meio ambiente\u201d, destacou o Secret\u00e1rio da Semas,\u00a0Pedro\u00a0Corr\u00eaa.<\/p>\n","protected":false},"excerpt":{"rendered":"<p>Na manh\u00e3 desta quinta-feira (05), Arraial do Cabo sediou mais uma a\u00e7\u00e3o dentro da Semana do Meio Ambiente: a Feira Ecopets, realizada na pra\u00e7a do Guarany, no cora\u00e7\u00e3o da cidade, que contou com a participa\u00e7\u00e3o de diversas organiza\u00e7\u00f5es ligadas \u00e0 prote\u00e7\u00e3o ambiental. Al\u00e9m da Secretaria do Ambiente e Saneamento (Semas), o evento reuniu ativistas pelos [&hellip;]<\/p>\n","protected":false},"author":2,"featured_media":19281,"comment_status":"open","ping_status":"open","sticky":true,"template":"","format":"standard","meta":{"footnotes":""},"categories":[838],"tags":[1896],"class_list":["post-19280","post","type-post","status-publish","format-standard","has-post-thumbnail","hentry","category-arraial-do-cabo","tag-destaque"],"_links":{"self":[{"href":"https:\/\/blogdodanielgalvao.com.br\/site\/wp-json\/wp\/v2\/posts\/19280","targetHints":{"allow":["GET"]}}],"collection":[{"href":"https:\/\/blogdodanielgalvao.com.br\/site\/wp-json\/wp\/v2\/posts"}],"about":[{"href":"https:\/\/blogdodanielgalvao.com.br\/site\/wp-json\/wp\/v2\/types\/post"}],"author":[{"embeddable":true,"href":"https:\/\/blogdodanielgalvao.com.br\/site\/wp-json\/wp\/v2\/users\/2"}],"replies":[{"embeddable":true,"href":"https:\/\/blogdodanielgalvao.com.br\/site\/wp-json\/wp\/v2\/comments?post=19280"}],"version-history":[{"count":1,"href":"https:\/\/blogdodanielgalvao.com.br\/site\/wp-json\/wp\/v2\/posts\/19280\/revisions"}],"predecessor-version":[{"id":19282,"href":"https:\/\/blogdodanielgalvao.com.br\/site\/wp-json\/wp\/v2\/posts\/19280\/revisions\/19282"}],"wp:featuredmedia":[{"embeddable":true,"href":"https:\/\/blogdodanielgalvao.com.br\/site\/wp-json\/wp\/v2\/media\/19281"}],"wp:attachment":[{"href":"https:\/\/blogdodanielgalvao.com.br\/site\/wp-json\/wp\/v2\/media?parent=19280"}],"wp:term":[{"taxonomy":"category","embeddable":true,"href":"https:\/\/blogdodanielgalvao.com.br\/site\/wp-json\/wp\/v2\/categories?post=19280"},{"taxonomy":"post_tag","embeddable":true,"href":"https:\/\/blogdodanielgalvao.com.br\/site\/wp-json\/wp\/v2\/tags?post=19280"}],"curies":[{"name":"wp","href":"https:\/\/api.w.org\/{rel}","templated":true}]}}