{"id":19271,"date":"2025-06-05T17:36:00","date_gmt":"2025-06-05T20:36:00","guid":{"rendered":"https:\/\/blogdodanielgalvao.com.br\/site\/?p=19271"},"modified":"2025-06-05T17:36:00","modified_gmt":"2025-06-05T20:36:00","slug":"saude-publica-de-cabo-frio-inicia-programa-inovador-para-assistencia-integral-a-diabeticos","status":"publish","type":"post","link":"https:\/\/blogdodanielgalvao.com.br\/site\/saude-publica-de-cabo-frio-inicia-programa-inovador-para-assistencia-integral-a-diabeticos\/","title":{"rendered":"Sa\u00fade p\u00fablica de Cabo Frio inicia programa inovador para assist\u00eancia integral a diab\u00e9ticos"},"content":{"rendered":"<p>A Prefeitura de Cabo Frio, por meio da Secretaria Municipal de Sa\u00fade, lan\u00e7ou oficialmente o programa \u201cViver + Diabetes\u201d \u2014 uma nova etapa no acompanhamento e tratamento de pessoas com diabetes no munic\u00edpio. O evento de apresenta\u00e7\u00e3o aconteceu nesta quarta-feira (4), no audit\u00f3rio da Universidade Est\u00e1cio de S\u00e1, e reuniu mais de 100 profissionais da sa\u00fade, como m\u00e9dicos, enfermeiros, t\u00e9cnicos e farmac\u00eauticos da rede p\u00fablica.<\/p>\n<p>A abertura contou com a presen\u00e7a da secret\u00e1ria municipal de Sa\u00fade, Beatriz Trindade, e demais representantes da gest\u00e3o: o secret\u00e1rio adjunto de M\u00e9dia e Alta Complexidade, Dr. Illo Rangel; o subsecret\u00e1rio de Sa\u00fade de Tamoios, Dr. Augusto Azevedo; e a secret\u00e1ria adjunta de Vigil\u00e2ncia em Sa\u00fade e Aten\u00e7\u00e3o Prim\u00e1ria, Sandra Rabelo.<\/p>\n<p>Segundo a secret\u00e1ria Beatriz Trindade, o programa \u00e9 uma atualiza\u00e7\u00e3o de uma iniciativa anterior, agora totalmente reestruturada para garantir maior efici\u00eancia e humaniza\u00e7\u00e3o:<\/p>\n<p>\u201cEstamos falando de um projeto que visa ampliar a qualidade de vida e a longevidade dos pacientes com diabetes. Reformulamos completamente a proposta anterior, descentralizando os atendimentos e fortalecendo o acompanhamento multiprofissional. \u00c9 um avan\u00e7o que vai al\u00e9m da medica\u00e7\u00e3o \u2014 trata-se de dignidade e cuidado cont\u00ednuo.\u201d<\/p>\n<p>J\u00e1 o subsecret\u00e1rio Dr. Augusto Azevedo destacou o impacto positivo que o novo modelo trar\u00e1 para o distrito de Tamoios:<\/p>\n<p>\u201cEssa reformula\u00e7\u00e3o representa um novo momento para a nossa rede, com mais acesso a medicamentos e orienta\u00e7\u00f5es de sa\u00fade. Vamos conseguir oferecer um atendimento mais completo e cont\u00ednuo, sem deixar brechas no tratamento. \u00c9 uma diretriz da gest\u00e3o, e estamos colocando isso em pr\u00e1tica.\u201d<\/p>\n<p>Durante a apresenta\u00e7\u00e3o, foram detalhadas as diretrizes do novo programa, como os crit\u00e9rios para inclus\u00e3o e as mudan\u00e7as implementadas.<\/p>\n<p>&nbsp;<\/p>\n<p><strong>Crit\u00e9rios para inclus\u00e3o no \u201cViver + Diabetes\u201d:<\/strong><\/p>\n<ul>\n<li>Morar em Cabo Frio<\/li>\n<li>Ter diagn\u00f3stico de Diabetes Mellitus tipo 1 (adulto)<\/li>\n<li>Ser insulino-dependente (tipo 2 ou outros tipos), com uso m\u00ednimo de duas doses di\u00e1rias<\/li>\n<li>Uso de 3 ou mais medicamentos orais com dificuldade de controle<\/li>\n<li>Hemoglobina Glicada acima de 8%, mesmo com uso de insulina<\/li>\n<li>Pacientes com insufici\u00eancia renal cr\u00f4nica com clearance &lt; 30mL\/min<\/li>\n<\/ul>\n<p>&nbsp;<\/p>\n<p><strong>Principais novidades do programa incluem:<\/strong><\/p>\n<ul>\n<li>Informatiza\u00e7\u00e3o do cadastro de diab\u00e9ticos (antes feito manualmente)<\/li>\n<li>Amplia\u00e7\u00e3o dos crit\u00e9rios de encaminhamento para a aten\u00e7\u00e3o b\u00e1sica<\/li>\n<li>Cria\u00e7\u00e3o de uma cartilha individual de acompanhamento para m\u00e9dicos e pacientes<\/li>\n<li>Mais vagas ofertadas pela Central Municipal de Regula\u00e7\u00e3o<\/li>\n<li>Descentraliza\u00e7\u00e3o da entrega de insumos, antes centralizada no CADHI<\/li>\n<\/ul>\n<p>&nbsp;<\/p>\n<p><strong>Agora, a distribui\u00e7\u00e3o dos insumos ser\u00e1 feita em tr\u00eas polos:<\/strong><\/p>\n<ul>\n<li>Farm\u00e1cia B\u00e1sica (Centro de Cabo Frio)<\/li>\n<li>Hospital do Jardim Esperan\u00e7a<\/li>\n<li>CEAD (Centro de Especialidades e Apoio Diagn\u00f3stico) \u2013 Tamoios<\/li>\n<\/ul>\n<p>&nbsp;<\/p>\n<p>Outro grande diferencial ser\u00e1 o atendimento com equipe multidisciplinar, envolvendo psic\u00f3logos, nutricionistas, enfermeiros e endocrinologistas \u2014 promovendo uma abordagem completa e mais eficaz para o controle da doen\u00e7a.<\/p>\n<p>A iniciativa refor\u00e7a o compromisso da atual gest\u00e3o com o fortalecimento da rede p\u00fablica de sa\u00fade e com o bem-estar dos pacientes cr\u00f4nicos\u00a0no\u00a0munic\u00edpio.<\/p>\n","protected":false},"excerpt":{"rendered":"<p>A Prefeitura de Cabo Frio, por meio da Secretaria Municipal de Sa\u00fade, lan\u00e7ou oficialmente o programa \u201cViver + Diabetes\u201d \u2014 uma nova etapa no acompanhamento e tratamento de pessoas com diabetes no munic\u00edpio. O evento de apresenta\u00e7\u00e3o aconteceu nesta quarta-feira (4), no audit\u00f3rio da Universidade Est\u00e1cio de S\u00e1, e reuniu mais de 100 profissionais da [&hellip;]<\/p>\n","protected":false},"author":2,"featured_media":19272,"comment_status":"open","ping_status":"open","sticky":true,"template":"","format":"standard","meta":{"footnotes":""},"categories":[340],"tags":[1896],"class_list":["post-19271","post","type-post","status-publish","format-standard","has-post-thumbnail","hentry","category-cabo-frio","tag-destaque"],"_links":{"self":[{"href":"https:\/\/blogdodanielgalvao.com.br\/site\/wp-json\/wp\/v2\/posts\/19271","targetHints":{"allow":["GET"]}}],"collection":[{"href":"https:\/\/blogdodanielgalvao.com.br\/site\/wp-json\/wp\/v2\/posts"}],"about":[{"href":"https:\/\/blogdodanielgalvao.com.br\/site\/wp-json\/wp\/v2\/types\/post"}],"author":[{"embeddable":true,"href":"https:\/\/blogdodanielgalvao.com.br\/site\/wp-json\/wp\/v2\/users\/2"}],"replies":[{"embeddable":true,"href":"https:\/\/blogdodanielgalvao.com.br\/site\/wp-json\/wp\/v2\/comments?post=19271"}],"version-history":[{"count":1,"href":"https:\/\/blogdodanielgalvao.com.br\/site\/wp-json\/wp\/v2\/posts\/19271\/revisions"}],"predecessor-version":[{"id":19273,"href":"https:\/\/blogdodanielgalvao.com.br\/site\/wp-json\/wp\/v2\/posts\/19271\/revisions\/19273"}],"wp:featuredmedia":[{"embeddable":true,"href":"https:\/\/blogdodanielgalvao.com.br\/site\/wp-json\/wp\/v2\/media\/19272"}],"wp:attachment":[{"href":"https:\/\/blogdodanielgalvao.com.br\/site\/wp-json\/wp\/v2\/media?parent=19271"}],"wp:term":[{"taxonomy":"category","embeddable":true,"href":"https:\/\/blogdodanielgalvao.com.br\/site\/wp-json\/wp\/v2\/categories?post=19271"},{"taxonomy":"post_tag","embeddable":true,"href":"https:\/\/blogdodanielgalvao.com.br\/site\/wp-json\/wp\/v2\/tags?post=19271"}],"curies":[{"name":"wp","href":"https:\/\/api.w.org\/{rel}","templated":true}]}}