{"id":19268,"date":"2025-06-05T17:01:04","date_gmt":"2025-06-05T20:01:04","guid":{"rendered":"https:\/\/blogdodanielgalvao.com.br\/site\/?p=19268"},"modified":"2025-06-05T17:03:16","modified_gmt":"2025-06-05T20:03:16","slug":"policia-civil-de-rio-das-ostras-prende-ladrao-procurado-desde-2022-em-cabo-frio","status":"publish","type":"post","link":"https:\/\/blogdodanielgalvao.com.br\/site\/policia-civil-de-rio-das-ostras-prende-ladrao-procurado-desde-2022-em-cabo-frio\/","title":{"rendered":"Pol\u00edcia Civil de Rio das Ostras prende ladr\u00e3o procurado desde 2022 em Cabo Frio"},"content":{"rendered":"<p>Em a\u00e7\u00e3o coordenada pela delegada Carla Ferr\u00e3o, titular da 128\u00aa Delegacia de Pol\u00edcia Civil (128\u00aa DP), de Rio das Ostras, policiais conseguiram prender mais um foragido da Justi\u00e7a nessa quarta-feira, 4, que estava escondido na regi\u00e3o.<\/p>\n<p>Identificado como Marcio Muniz de Oliveira dos Santos, o fugitivo, que tinha mandado de pris\u00e3o em aberto pelo crime de furto realizado em S\u00e3o Pedro da Aldeia, foi encontrado na Rua Teixeira e Souza, no Braga, em Cabo Frio.<\/p>\n<p>A a\u00e7\u00e3o contou com a parceria dos policiais da 12\u00aa DP, de Copacabana, na Zona Sul do Rio, que cruzaram informa\u00e7\u00f5es com os setores de intelig\u00eancia da Civil at\u00e9 encontrarem o criminoso na tarde dessa quarta-feira.<\/p>\n<p>Foragido da Justi\u00e7a desde 2022, Marcio estava sendo procurado por roubar o cofre de um bazar no qual trabalhava em S\u00e3o Pedro da Aldeia, quando foi flagrado pelas c\u00e2meras de vigil\u00e2ncia do estabelecimento, sendo ent\u00e3o emitido o mandado de pris\u00e3o.<\/p>\n<p>Depois de encontrar sua localiza\u00e7\u00e3o, as for\u00e7as de seguran\u00e7a agiram rapidamente para prender o fugitivo, que foi levado para a 128\u00aa DP, em Rio das Ostras, onde permaneceu preso, esperando transfer\u00eancia para o sistema prisional.<\/p>\n","protected":false},"excerpt":{"rendered":"<p>Em a\u00e7\u00e3o coordenada pela delegada Carla Ferr\u00e3o, titular da 128\u00aa Delegacia de Pol\u00edcia Civil (128\u00aa DP), de Rio das Ostras, policiais conseguiram prender mais um foragido da Justi\u00e7a nessa quarta-feira, 4, que estava escondido na regi\u00e3o. Identificado como Marcio Muniz de Oliveira dos Santos, o fugitivo, que tinha mandado de pris\u00e3o em aberto pelo crime [&hellip;]<\/p>\n","protected":false},"author":2,"featured_media":19269,"comment_status":"open","ping_status":"open","sticky":true,"template":"","format":"standard","meta":{"footnotes":""},"categories":[4],"tags":[1896],"class_list":["post-19268","post","type-post","status-publish","format-standard","has-post-thumbnail","hentry","category-rio-das-ostras","tag-destaque"],"_links":{"self":[{"href":"https:\/\/blogdodanielgalvao.com.br\/site\/wp-json\/wp\/v2\/posts\/19268","targetHints":{"allow":["GET"]}}],"collection":[{"href":"https:\/\/blogdodanielgalvao.com.br\/site\/wp-json\/wp\/v2\/posts"}],"about":[{"href":"https:\/\/blogdodanielgalvao.com.br\/site\/wp-json\/wp\/v2\/types\/post"}],"author":[{"embeddable":true,"href":"https:\/\/blogdodanielgalvao.com.br\/site\/wp-json\/wp\/v2\/users\/2"}],"replies":[{"embeddable":true,"href":"https:\/\/blogdodanielgalvao.com.br\/site\/wp-json\/wp\/v2\/comments?post=19268"}],"version-history":[{"count":1,"href":"https:\/\/blogdodanielgalvao.com.br\/site\/wp-json\/wp\/v2\/posts\/19268\/revisions"}],"predecessor-version":[{"id":19270,"href":"https:\/\/blogdodanielgalvao.com.br\/site\/wp-json\/wp\/v2\/posts\/19268\/revisions\/19270"}],"wp:featuredmedia":[{"embeddable":true,"href":"https:\/\/blogdodanielgalvao.com.br\/site\/wp-json\/wp\/v2\/media\/19269"}],"wp:attachment":[{"href":"https:\/\/blogdodanielgalvao.com.br\/site\/wp-json\/wp\/v2\/media?parent=19268"}],"wp:term":[{"taxonomy":"category","embeddable":true,"href":"https:\/\/blogdodanielgalvao.com.br\/site\/wp-json\/wp\/v2\/categories?post=19268"},{"taxonomy":"post_tag","embeddable":true,"href":"https:\/\/blogdodanielgalvao.com.br\/site\/wp-json\/wp\/v2\/tags?post=19268"}],"curies":[{"name":"wp","href":"https:\/\/api.w.org\/{rel}","templated":true}]}}