{"id":19216,"date":"2025-06-04T16:53:42","date_gmt":"2025-06-04T19:53:42","guid":{"rendered":"https:\/\/blogdodanielgalvao.com.br\/site\/?p=19216"},"modified":"2025-06-04T16:53:42","modified_gmt":"2025-06-04T19:53:42","slug":"acao-do-inea-em-saquarema-promove-resgate-de-15-aves-silvestres-mantidas-em-cativeiro-ilegal","status":"publish","type":"post","link":"https:\/\/blogdodanielgalvao.com.br\/site\/acao-do-inea-em-saquarema-promove-resgate-de-15-aves-silvestres-mantidas-em-cativeiro-ilegal\/","title":{"rendered":"A\u00e7\u00e3o do Inea em Saquarema promove resgate de 15 aves silvestres mantidas em cativeiro ilegal"},"content":{"rendered":"<p>Uma a\u00e7\u00e3o do Instituto Estadual de Ambiente (Inea), motivada por uma den\u00fancia an\u00f4nima, foi respons\u00e1vel pelo resgate de 15 aves silvestres que estavam sendo mantidas ilegalmente em cativeiro no bairro Condado, em Saquarema.<\/p>\n<p>Realizada pela Superintend\u00eancia Regional Lagos S\u00e3o Jo\u00e3o, com apoio de agentes da Guarda Ambiental de Saquarema, a a\u00e7\u00e3o encontrou os p\u00e1ssaros em um estabelecimento comercial na Rua B, no Condado, sem anilhas e sem documenta\u00e7\u00e3o.<\/p>\n<p>Entre as esp\u00e9cies identificadas estavam tizius e coleiros que amontoados em gaiolas malconservadas, sem \u00e1gua e sem comida, configurando ainda maus tratos, al\u00e9m do cativeiro ilegal, conforme previsto na Lei Estadual 3467\/2000.<\/p>\n<p>A a\u00e7\u00e3o fez parte dos esfor\u00e7os do governo estadual, que tem intensificado as fiscaliza\u00e7\u00f5es durante a essa Semana do Meio Ambiente. O propriet\u00e1rio foi autuado com base na legisla\u00e7\u00e3o, que prev\u00ea multa de 500 reais por p\u00e1ssaro resgatado.<\/p>\n<p>Os animais foram levados para o Centro de Triagem de Animais Silvestres (Cetas), do Instituto Brasileiro do Meio Ambiente e dos Recursos Naturais (Ibama), no Estado do Rio, localizado no munic\u00edpio de Serop\u00e9dica.<\/p>\n","protected":false},"excerpt":{"rendered":"<p>Uma a\u00e7\u00e3o do Instituto Estadual de Ambiente (Inea), motivada por uma den\u00fancia an\u00f4nima, foi respons\u00e1vel pelo resgate de 15 aves silvestres que estavam sendo mantidas ilegalmente em cativeiro no bairro Condado, em Saquarema. Realizada pela Superintend\u00eancia Regional Lagos S\u00e3o Jo\u00e3o, com apoio de agentes da Guarda Ambiental de Saquarema, a a\u00e7\u00e3o encontrou os p\u00e1ssaros em [&hellip;]<\/p>\n","protected":false},"author":2,"featured_media":19218,"comment_status":"open","ping_status":"open","sticky":true,"template":"","format":"standard","meta":{"footnotes":""},"categories":[1885],"tags":[1896],"class_list":["post-19216","post","type-post","status-publish","format-standard","has-post-thumbnail","hentry","category-saquarema","tag-destaque"],"_links":{"self":[{"href":"https:\/\/blogdodanielgalvao.com.br\/site\/wp-json\/wp\/v2\/posts\/19216","targetHints":{"allow":["GET"]}}],"collection":[{"href":"https:\/\/blogdodanielgalvao.com.br\/site\/wp-json\/wp\/v2\/posts"}],"about":[{"href":"https:\/\/blogdodanielgalvao.com.br\/site\/wp-json\/wp\/v2\/types\/post"}],"author":[{"embeddable":true,"href":"https:\/\/blogdodanielgalvao.com.br\/site\/wp-json\/wp\/v2\/users\/2"}],"replies":[{"embeddable":true,"href":"https:\/\/blogdodanielgalvao.com.br\/site\/wp-json\/wp\/v2\/comments?post=19216"}],"version-history":[{"count":1,"href":"https:\/\/blogdodanielgalvao.com.br\/site\/wp-json\/wp\/v2\/posts\/19216\/revisions"}],"predecessor-version":[{"id":19219,"href":"https:\/\/blogdodanielgalvao.com.br\/site\/wp-json\/wp\/v2\/posts\/19216\/revisions\/19219"}],"wp:featuredmedia":[{"embeddable":true,"href":"https:\/\/blogdodanielgalvao.com.br\/site\/wp-json\/wp\/v2\/media\/19218"}],"wp:attachment":[{"href":"https:\/\/blogdodanielgalvao.com.br\/site\/wp-json\/wp\/v2\/media?parent=19216"}],"wp:term":[{"taxonomy":"category","embeddable":true,"href":"https:\/\/blogdodanielgalvao.com.br\/site\/wp-json\/wp\/v2\/categories?post=19216"},{"taxonomy":"post_tag","embeddable":true,"href":"https:\/\/blogdodanielgalvao.com.br\/site\/wp-json\/wp\/v2\/tags?post=19216"}],"curies":[{"name":"wp","href":"https:\/\/api.w.org\/{rel}","templated":true}]}}