{"id":19205,"date":"2025-06-04T16:30:19","date_gmt":"2025-06-04T19:30:19","guid":{"rendered":"https:\/\/blogdodanielgalvao.com.br\/site\/?p=19205"},"modified":"2025-06-04T16:30:19","modified_gmt":"2025-06-04T19:30:19","slug":"apos-anos-de-abandono-mercado-de-peixe-de-cabo-frio-entra-em-fase-de-revitalizacao","status":"publish","type":"post","link":"https:\/\/blogdodanielgalvao.com.br\/site\/apos-anos-de-abandono-mercado-de-peixe-de-cabo-frio-entra-em-fase-de-revitalizacao\/","title":{"rendered":"Ap\u00f3s anos de abandono, Mercado de Peixe de Cabo Frio entra em fase de revitaliza\u00e7\u00e3o"},"content":{"rendered":"<p>S\u00edmbolo do cotidiano cabo-friense, o Mercado de Peixe de Cabo Frio est\u00e1 finalmente passando por um processo de requalifica\u00e7\u00e3o. Ap\u00f3s d\u00e9cadas de neglig\u00eancia, o espa\u00e7o, com mais de 25 anos de funcionamento, come\u00e7a a ser reformado, com prioridade para interven\u00e7\u00f5es na \u00e1rea de saneamento b\u00e1sico.<\/p>\n<p>Na ter\u00e7a-feira (03), os secret\u00e1rios municipais de Agricultura e Pesca, Wellington Escafura, e de Obras, Vanderson Bento, se reuniram com t\u00e9cnicos da concession\u00e1ria Prolagos para tra\u00e7ar o plano de a\u00e7\u00f5es que ser\u00e1 iniciado na sexta-feira (06). Um caminh\u00e3o do tipo &#8220;jet&#8221; ser\u00e1 utilizado para desobstruir as tubula\u00e7\u00f5es dos sanit\u00e1rios, atualmente em obras.<\/p>\n<p>A proposta \u00e9 revisar toda a rede de encanamento, adequando o sistema \u00e0s normas ambientais e eliminando o despejo irregular de efluentes na Lagoa de Araruama. A partir desse diagn\u00f3stico, ser\u00e1 definido se a nova conex\u00e3o ocorrer\u00e1 por meio de uma esta\u00e7\u00e3o elevat\u00f3ria ou com uso de fossas e sumidouros, sempre respeitando os par\u00e2metros legais e ambientais.<\/p>\n<p>Essa reestrutura\u00e7\u00e3o faz parte de um plano da Secretaria de Agricultura para revitalizar o espa\u00e7o, refor\u00e7ar seu papel na economia local e recuperar a confian\u00e7a dos frequentadores.<\/p>\n<p>\u201cQueremos uma gest\u00e3o municipal mais atuante neste espa\u00e7o p\u00fablico, que por muito tempo ficou sem administra\u00e7\u00e3o direta. Esse processo \u00e9 sobre reconstru\u00e7\u00e3o, valoriza\u00e7\u00e3o e respeito aos profissionais e consumidores que movimentam o mercado\u201d, afirmou Wellington Escafura, secret\u00e1rio de Agricultura\u00a0e\u00a0Pesca.<\/p>\n","protected":false},"excerpt":{"rendered":"<p>S\u00edmbolo do cotidiano cabo-friense, o Mercado de Peixe de Cabo Frio est\u00e1 finalmente passando por um processo de requalifica\u00e7\u00e3o. Ap\u00f3s d\u00e9cadas de neglig\u00eancia, o espa\u00e7o, com mais de 25 anos de funcionamento, come\u00e7a a ser reformado, com prioridade para interven\u00e7\u00f5es na \u00e1rea de saneamento b\u00e1sico. Na ter\u00e7a-feira (03), os secret\u00e1rios municipais de Agricultura e Pesca, [&hellip;]<\/p>\n","protected":false},"author":2,"featured_media":19208,"comment_status":"open","ping_status":"open","sticky":true,"template":"","format":"standard","meta":{"footnotes":""},"categories":[340],"tags":[1896],"class_list":["post-19205","post","type-post","status-publish","format-standard","has-post-thumbnail","hentry","category-cabo-frio","tag-destaque"],"_links":{"self":[{"href":"https:\/\/blogdodanielgalvao.com.br\/site\/wp-json\/wp\/v2\/posts\/19205","targetHints":{"allow":["GET"]}}],"collection":[{"href":"https:\/\/blogdodanielgalvao.com.br\/site\/wp-json\/wp\/v2\/posts"}],"about":[{"href":"https:\/\/blogdodanielgalvao.com.br\/site\/wp-json\/wp\/v2\/types\/post"}],"author":[{"embeddable":true,"href":"https:\/\/blogdodanielgalvao.com.br\/site\/wp-json\/wp\/v2\/users\/2"}],"replies":[{"embeddable":true,"href":"https:\/\/blogdodanielgalvao.com.br\/site\/wp-json\/wp\/v2\/comments?post=19205"}],"version-history":[{"count":1,"href":"https:\/\/blogdodanielgalvao.com.br\/site\/wp-json\/wp\/v2\/posts\/19205\/revisions"}],"predecessor-version":[{"id":19209,"href":"https:\/\/blogdodanielgalvao.com.br\/site\/wp-json\/wp\/v2\/posts\/19205\/revisions\/19209"}],"wp:featuredmedia":[{"embeddable":true,"href":"https:\/\/blogdodanielgalvao.com.br\/site\/wp-json\/wp\/v2\/media\/19208"}],"wp:attachment":[{"href":"https:\/\/blogdodanielgalvao.com.br\/site\/wp-json\/wp\/v2\/media?parent=19205"}],"wp:term":[{"taxonomy":"category","embeddable":true,"href":"https:\/\/blogdodanielgalvao.com.br\/site\/wp-json\/wp\/v2\/categories?post=19205"},{"taxonomy":"post_tag","embeddable":true,"href":"https:\/\/blogdodanielgalvao.com.br\/site\/wp-json\/wp\/v2\/tags?post=19205"}],"curies":[{"name":"wp","href":"https:\/\/api.w.org\/{rel}","templated":true}]}}