{"id":19197,"date":"2025-06-04T15:11:20","date_gmt":"2025-06-04T18:11:20","guid":{"rendered":"https:\/\/blogdodanielgalvao.com.br\/site\/?p=19197"},"modified":"2025-06-04T15:11:20","modified_gmt":"2025-06-04T18:11:20","slug":"prefeitura-faz-reunioes-na-zen-para-orientar-empresarios-sobre-mudancas-na-legislacao-tributaria","status":"publish","type":"post","link":"https:\/\/blogdodanielgalvao.com.br\/site\/prefeitura-faz-reunioes-na-zen-para-orientar-empresarios-sobre-mudancas-na-legislacao-tributaria\/","title":{"rendered":"Prefeitura faz reuni\u00f5es na ZEN para orientar empres\u00e1rios sobre mudan\u00e7as na legisla\u00e7\u00e3o tribut\u00e1ria"},"content":{"rendered":"<p>A Prefeitura de Rio das Ostras vem atuando junto a empres\u00e1rios da Zona Especial de Neg\u00f3cios (ZEN), com objetivo de discutir quest\u00f5es relacionadas \u00e0 Reforma Tribut\u00e1ria, a expans\u00e3o de neg\u00f3cios na regi\u00e3o, e o cen\u00e1rio econ\u00f4mico do pa\u00eds.<\/p>\n<p>No \u00faltimo encontro, participaram o secret\u00e1rio de Fazenda, Jo\u00e3o Batista Gon\u00e7alves, o secret\u00e1rio de Desenvolvimento Econ\u00f4mico e Turismo, Rodrigo Peleteiro (DC), e o gerente de administra\u00e7\u00e3o tribut\u00e1ria do munic\u00edpio, Nelzir Mello, al\u00e9m de t\u00e9cnicos das duas pastas.<\/p>\n<p>Segundo o secret\u00e1rio de Fazenda, as reuni\u00f5es com os empres\u00e1rios da ZEN t\u00eam servido para orientar sobre as mudan\u00e7as da nova legisla\u00e7\u00e3o, que est\u00e1 em fase de regulamenta\u00e7\u00e3o pelo governo federal, e sobre os impactos no munic\u00edpio.<\/p>\n<p>\u201cEssas reuni\u00f5es t\u00eam o objetivo de ratificar os pilares que nortearam a cria\u00e7\u00e3o da ZEN. No \u00faltimo encontro, esclarecemos d\u00favidas das empresas estabelecidas sobre a Reforma Tribut\u00e1ria e seus impactos na economia do munic\u00edpio\u201d, afirmou Jo\u00e3o Batista Gon\u00e7alves.<\/p>\n","protected":false},"excerpt":{"rendered":"<p>A Prefeitura de Rio das Ostras vem atuando junto a empres\u00e1rios da Zona Especial de Neg\u00f3cios (ZEN), com objetivo de discutir quest\u00f5es relacionadas \u00e0 Reforma Tribut\u00e1ria, a expans\u00e3o de neg\u00f3cios na regi\u00e3o, e o cen\u00e1rio econ\u00f4mico do pa\u00eds. No \u00faltimo encontro, participaram o secret\u00e1rio de Fazenda, Jo\u00e3o Batista Gon\u00e7alves, o secret\u00e1rio de Desenvolvimento Econ\u00f4mico e [&hellip;]<\/p>\n","protected":false},"author":2,"featured_media":19198,"comment_status":"open","ping_status":"open","sticky":true,"template":"","format":"standard","meta":{"footnotes":""},"categories":[4],"tags":[76],"class_list":["post-19197","post","type-post","status-publish","format-standard","has-post-thumbnail","hentry","category-rio-das-ostras","tag-rio-das-ostras"],"_links":{"self":[{"href":"https:\/\/blogdodanielgalvao.com.br\/site\/wp-json\/wp\/v2\/posts\/19197","targetHints":{"allow":["GET"]}}],"collection":[{"href":"https:\/\/blogdodanielgalvao.com.br\/site\/wp-json\/wp\/v2\/posts"}],"about":[{"href":"https:\/\/blogdodanielgalvao.com.br\/site\/wp-json\/wp\/v2\/types\/post"}],"author":[{"embeddable":true,"href":"https:\/\/blogdodanielgalvao.com.br\/site\/wp-json\/wp\/v2\/users\/2"}],"replies":[{"embeddable":true,"href":"https:\/\/blogdodanielgalvao.com.br\/site\/wp-json\/wp\/v2\/comments?post=19197"}],"version-history":[{"count":1,"href":"https:\/\/blogdodanielgalvao.com.br\/site\/wp-json\/wp\/v2\/posts\/19197\/revisions"}],"predecessor-version":[{"id":19199,"href":"https:\/\/blogdodanielgalvao.com.br\/site\/wp-json\/wp\/v2\/posts\/19197\/revisions\/19199"}],"wp:featuredmedia":[{"embeddable":true,"href":"https:\/\/blogdodanielgalvao.com.br\/site\/wp-json\/wp\/v2\/media\/19198"}],"wp:attachment":[{"href":"https:\/\/blogdodanielgalvao.com.br\/site\/wp-json\/wp\/v2\/media?parent=19197"}],"wp:term":[{"taxonomy":"category","embeddable":true,"href":"https:\/\/blogdodanielgalvao.com.br\/site\/wp-json\/wp\/v2\/categories?post=19197"},{"taxonomy":"post_tag","embeddable":true,"href":"https:\/\/blogdodanielgalvao.com.br\/site\/wp-json\/wp\/v2\/tags?post=19197"}],"curies":[{"name":"wp","href":"https:\/\/api.w.org\/{rel}","templated":true}]}}