{"id":19194,"date":"2025-06-04T14:33:14","date_gmt":"2025-06-04T17:33:14","guid":{"rendered":"https:\/\/blogdodanielgalvao.com.br\/site\/?p=19194"},"modified":"2025-06-04T14:33:14","modified_gmt":"2025-06-04T17:33:14","slug":"acao-da-pm-resulta-na-prisao-de-foragido-da-justica-em-quissama","status":"publish","type":"post","link":"https:\/\/blogdodanielgalvao.com.br\/site\/acao-da-pm-resulta-na-prisao-de-foragido-da-justica-em-quissama\/","title":{"rendered":"A\u00e7\u00e3o da PM resulta na pris\u00e3o de foragido da Justi\u00e7a em Quissam\u00e3"},"content":{"rendered":"<p>Um homem considerado foragido da Justi\u00e7a foi preso na \u00faltima ter\u00e7a-feira (3) em Quissam\u00e3. Conhecido pelo apelido de Pedrinho, ele era procurado por diversos crimes, incluindo uma tentativa de homic\u00eddio.<\/p>\n<p>O acusado era procurado pela Justi\u00e7a por homic\u00eddio qualificado e associa\u00e7\u00e3o para o tr\u00e1fico de drogas. A pol\u00edcia realizou a abordagem e confirmou posteriormente as informa\u00e7\u00f5es junto ao sistema. Os agentes tamb\u00e9m descobriram que ele tinha um mandado de pris\u00e3o em aberto.<\/p>\n<p>Com a pris\u00e3o, o homem foi conduzido para a 130\u00aa Delegacia de Pol\u00edcia, onde permaneceu preso e agora ficar\u00e1 \u00e0 disposi\u00e7\u00e3o da Justi\u00e7a.<\/p>\n","protected":false},"excerpt":{"rendered":"<p>Um homem considerado foragido da Justi\u00e7a foi preso na \u00faltima ter\u00e7a-feira (3) em Quissam\u00e3. Conhecido pelo apelido de Pedrinho, ele era procurado por diversos crimes, incluindo uma tentativa de homic\u00eddio. O acusado era procurado pela Justi\u00e7a por homic\u00eddio qualificado e associa\u00e7\u00e3o para o tr\u00e1fico de drogas. A pol\u00edcia realizou a abordagem e confirmou posteriormente as [&hellip;]<\/p>\n","protected":false},"author":2,"featured_media":19195,"comment_status":"open","ping_status":"open","sticky":true,"template":"","format":"standard","meta":{"footnotes":""},"categories":[1899],"tags":[494],"class_list":["post-19194","post","type-post","status-publish","format-standard","has-post-thumbnail","hentry","category-policia","tag-policia"],"_links":{"self":[{"href":"https:\/\/blogdodanielgalvao.com.br\/site\/wp-json\/wp\/v2\/posts\/19194","targetHints":{"allow":["GET"]}}],"collection":[{"href":"https:\/\/blogdodanielgalvao.com.br\/site\/wp-json\/wp\/v2\/posts"}],"about":[{"href":"https:\/\/blogdodanielgalvao.com.br\/site\/wp-json\/wp\/v2\/types\/post"}],"author":[{"embeddable":true,"href":"https:\/\/blogdodanielgalvao.com.br\/site\/wp-json\/wp\/v2\/users\/2"}],"replies":[{"embeddable":true,"href":"https:\/\/blogdodanielgalvao.com.br\/site\/wp-json\/wp\/v2\/comments?post=19194"}],"version-history":[{"count":1,"href":"https:\/\/blogdodanielgalvao.com.br\/site\/wp-json\/wp\/v2\/posts\/19194\/revisions"}],"predecessor-version":[{"id":19196,"href":"https:\/\/blogdodanielgalvao.com.br\/site\/wp-json\/wp\/v2\/posts\/19194\/revisions\/19196"}],"wp:featuredmedia":[{"embeddable":true,"href":"https:\/\/blogdodanielgalvao.com.br\/site\/wp-json\/wp\/v2\/media\/19195"}],"wp:attachment":[{"href":"https:\/\/blogdodanielgalvao.com.br\/site\/wp-json\/wp\/v2\/media?parent=19194"}],"wp:term":[{"taxonomy":"category","embeddable":true,"href":"https:\/\/blogdodanielgalvao.com.br\/site\/wp-json\/wp\/v2\/categories?post=19194"},{"taxonomy":"post_tag","embeddable":true,"href":"https:\/\/blogdodanielgalvao.com.br\/site\/wp-json\/wp\/v2\/tags?post=19194"}],"curies":[{"name":"wp","href":"https:\/\/api.w.org\/{rel}","templated":true}]}}