{"id":19187,"date":"2025-06-04T11:46:04","date_gmt":"2025-06-04T14:46:04","guid":{"rendered":"https:\/\/blogdodanielgalvao.com.br\/site\/?p=19187"},"modified":"2025-06-04T11:46:04","modified_gmt":"2025-06-04T14:46:04","slug":"ex-vereadora-de-buzios-tenta-inspecionar-reparticoes-publicas-e-e-proibida-pela-justica","status":"publish","type":"post","link":"https:\/\/blogdodanielgalvao.com.br\/site\/ex-vereadora-de-buzios-tenta-inspecionar-reparticoes-publicas-e-e-proibida-pela-justica\/","title":{"rendered":"Ex-vereadora de B\u00fazios tenta inspecionar reparti\u00e7\u00f5es p\u00fablicas e \u00e9 proibida pela Justi\u00e7a"},"content":{"rendered":"<p>A Justi\u00e7a de Arma\u00e7\u00e3o dos B\u00fazios determinou multa de at\u00e9 10 mil reais caso a ex-vereadora Gladys Nunes (PSD) continue realizando \u201cinspe\u00e7\u00f5es\u201d em reparti\u00e7\u00f5es p\u00fablicas da cidade e divulgando as a\u00e7\u00f5es nas redes sociais.<\/p>\n<p>A decis\u00e3o foi proferida pelo juiz Raphael Baddini de Queiroz Campos, da 2\u00aa Vara da Comarca de B\u00fazios, que entendeu que as a\u00e7\u00f5es da ex-vereadora e candidata derrotada nas elei\u00e7\u00f5es para a prefeitura, em outubro de 2024, s\u00e3o ilegais.<\/p>\n<p>Al\u00e9m de invadir reparti\u00e7\u00f5es p\u00fablicas sem respaldo legal, constrangendo servidores municipais, a \u201cinspe\u00e7\u00f5es\u201d foram consideradas abuso de poder na decis\u00e3o do juiz, que atendeu a um pedido do Minist\u00e9rio P\u00fablico do Estado do Rio (MPRJ).<\/p>\n<p>Na decis\u00e3o, o juiz determinou que Gladys Nunes \u201cse abstenha de realizar qualquer tipo de fiscaliza\u00e7\u00e3o ou interven\u00e7\u00e3o em \u00f3rg\u00e3os p\u00fablicos do munic\u00edpio de Arma\u00e7\u00e3o dos B\u00fazios, inclusive grava\u00e7\u00f5es e divulga\u00e7\u00f5es nas redes sociais, sob pena de multa de 10 mil reais por ocorr\u00eancia\u201d.<\/p>\n<p>De acordo com o magistrado, mesmo que sejam ex-agentes p\u00fablicos, as pessoas n\u00e3o t\u00eam o direito \u201cde agir como se detentor de fun\u00e7\u00e3o p\u00fablica fosse, sobretudo quando n\u00e3o investido de qualquer poder legal para tal finalidade\u201d.<\/p>\n<p>Tendo sofrido derrota acachapante nas elei\u00e7\u00f5es municipais de 2024, obtendo apenas 3.34% dos votos v\u00e1lidos, Gladys Nunes j\u00e1 foi alvo da Justi\u00e7a em outras ocasi\u00f5es, especialmente em 2022, quando ainda era vereadora do munic\u00edpio.<\/p>\n<p>Em julho daquele ano, a ent\u00e3o vereadora foi alvo de uma opera\u00e7\u00e3o de busca e apreens\u00e3o do MPRJ participa\u00e7\u00e3o em esquema de \u201crachadinha\u201d, quando supostamente teria se apropriado de parte dos sal\u00e1rios de ex-servidores da C\u00e2mara.<\/p>\n<p>Meses depois, em dezembro, Gladys Nunes foi proibida pela Justi\u00e7a de B\u00fazios de mencionar a prefeitura e a C\u00e2mara em publica\u00e7\u00f5es nas redes sociais, quando foi acusada de propagar \u201cfake news\u201d contra a administra\u00e7\u00e3o do Executivo e do Legislativo.<\/p>\n","protected":false},"excerpt":{"rendered":"<p>A Justi\u00e7a de Arma\u00e7\u00e3o dos B\u00fazios determinou multa de at\u00e9 10 mil reais caso a ex-vereadora Gladys Nunes (PSD) continue realizando \u201cinspe\u00e7\u00f5es\u201d em reparti\u00e7\u00f5es p\u00fablicas da cidade e divulgando as a\u00e7\u00f5es nas redes sociais. A decis\u00e3o foi proferida pelo juiz Raphael Baddini de Queiroz Campos, da 2\u00aa Vara da Comarca de B\u00fazios, que entendeu que [&hellip;]<\/p>\n","protected":false},"author":2,"featured_media":19188,"comment_status":"open","ping_status":"open","sticky":true,"template":"","format":"standard","meta":{"footnotes":""},"categories":[824],"tags":[1896],"class_list":["post-19187","post","type-post","status-publish","format-standard","has-post-thumbnail","hentry","category-buzios","tag-destaque"],"_links":{"self":[{"href":"https:\/\/blogdodanielgalvao.com.br\/site\/wp-json\/wp\/v2\/posts\/19187","targetHints":{"allow":["GET"]}}],"collection":[{"href":"https:\/\/blogdodanielgalvao.com.br\/site\/wp-json\/wp\/v2\/posts"}],"about":[{"href":"https:\/\/blogdodanielgalvao.com.br\/site\/wp-json\/wp\/v2\/types\/post"}],"author":[{"embeddable":true,"href":"https:\/\/blogdodanielgalvao.com.br\/site\/wp-json\/wp\/v2\/users\/2"}],"replies":[{"embeddable":true,"href":"https:\/\/blogdodanielgalvao.com.br\/site\/wp-json\/wp\/v2\/comments?post=19187"}],"version-history":[{"count":1,"href":"https:\/\/blogdodanielgalvao.com.br\/site\/wp-json\/wp\/v2\/posts\/19187\/revisions"}],"predecessor-version":[{"id":19189,"href":"https:\/\/blogdodanielgalvao.com.br\/site\/wp-json\/wp\/v2\/posts\/19187\/revisions\/19189"}],"wp:featuredmedia":[{"embeddable":true,"href":"https:\/\/blogdodanielgalvao.com.br\/site\/wp-json\/wp\/v2\/media\/19188"}],"wp:attachment":[{"href":"https:\/\/blogdodanielgalvao.com.br\/site\/wp-json\/wp\/v2\/media?parent=19187"}],"wp:term":[{"taxonomy":"category","embeddable":true,"href":"https:\/\/blogdodanielgalvao.com.br\/site\/wp-json\/wp\/v2\/categories?post=19187"},{"taxonomy":"post_tag","embeddable":true,"href":"https:\/\/blogdodanielgalvao.com.br\/site\/wp-json\/wp\/v2\/tags?post=19187"}],"curies":[{"name":"wp","href":"https:\/\/api.w.org\/{rel}","templated":true}]}}