{"id":19105,"date":"2025-06-03T10:45:11","date_gmt":"2025-06-03T13:45:11","guid":{"rendered":"https:\/\/blogdodanielgalvao.com.br\/site\/?p=19105"},"modified":"2025-06-03T10:45:11","modified_gmt":"2025-06-03T13:45:11","slug":"evento-em-araruama-marca-entrega-de-licenca-para-continuidade-de-obras-importantes-na-cidade","status":"publish","type":"post","link":"https:\/\/blogdodanielgalvao.com.br\/site\/evento-em-araruama-marca-entrega-de-licenca-para-continuidade-de-obras-importantes-na-cidade\/","title":{"rendered":"Evento em Araruama marca entrega de licen\u00e7a para continuidade de obras importantes na cidade"},"content":{"rendered":"<p>Em mais uma a\u00e7\u00e3o fruto de parceria com o Estado do Rio, a prefeita de Araruama, Daniela Soares (PL), recebeu, nessa segunda-feira, 2, o secret\u00e1rio estadual de Ambiente e Sustentabilidade, Bernardo Rossi (SOLIDARIEDADE), para formalizar a libera\u00e7\u00e3o da continuidade das obras da Orla Oscar Niemeyer.<\/p>\n<p>O encontro marcou a assinatura da licen\u00e7a ambiental que permitir\u00e1 ao munic\u00edpio dar continuidade \u00e0s obras consideradas t\u00e3o importantes devido \u00e0 relev\u00e2ncia para o turismo e o desenvolvimento urbano do munic\u00edpio.<\/p>\n<p>\u201cOlha, gente, \u00e9 com muita felicidade que a gente recebe o Estado, que a gente recebe o nosso secret\u00e1rio. Agradecimento a voc\u00ea e ao nosso governador Cl\u00e1udio Castro, porque a gente est\u00e1 dando um passo, como se fossem mil passos de uma vez s\u00f3, atrav\u00e9s das licen\u00e7as, atrav\u00e9s das parcerias, cuidando dos nossos rios, desassoreando os rios, e hoje \u00e9 com muito orgulho, atrav\u00e9s de muito di\u00e1logo, que a gente tem a licen\u00e7a\u201d, comemorou Daniela Soares.<\/p>\n<p>Al\u00e9m do licenciamento ambiental para as obras de amplia\u00e7\u00e3o da Orla Oscar Niemeyer, o encontrou refor\u00e7ou tamb\u00e9m uma parceria iniciada em mar\u00e7o desse ano, quando o munic\u00edpio solicitou a amplia\u00e7\u00e3o do Programa Limpa Rio na cidade, em outra visita do secret\u00e1rio estadual.<\/p>\n<p>Nessa segunda-feira, a prefeita celebrou tamb\u00e9m o atendimento ao pedido, com o an\u00fancio das obras de limpeza e desassoreamento do Rio Corti\u00e7o, localizado na Estrada de S\u00e3o Vicente, beneficiando centenas de fam\u00edlias da localidade.<\/p>\n<p>\u201cHoje celebramos conquistas importantes para Araruama. A limpeza do Rio Corti\u00e7o vai trazer mais seguran\u00e7a e qualidade de vida para centenas de fam\u00edlias, e a licen\u00e7a ambiental da Orla Oscar Niemeyer abre caminho para mais um marco no desenvolvimento urbano e tur\u00edstico da nossa cidade. Estamos avan\u00e7ando com responsabilidade e compromisso com o futuro da nossa cidade\u201d, afirmou Daniela Soares.<\/p>\n<p>A celebra\u00e7\u00e3o aproveitou o in\u00edcio da Semana do Meio Ambiente, com a prefeita e o secret\u00e1rio estadual acompanhando alunos da rede p\u00fablica municipal no plantio simb\u00f3lico de mudas de ip\u00ea-roxo e oiti, refor\u00e7ando o compromisso com a preserva\u00e7\u00e3o ambiental e a conscientiza\u00e7\u00e3o das futuras gera\u00e7\u00f5es.<\/p>\n<p>Para o secret\u00e1rio estadual de Ambiente e Sustentabilidade, o evento solidifica ainda mais a parceria entre o munic\u00edpio e o governo estadual, que tem se esfor\u00e7ado cada vez mais para ampliar o di\u00e1logo com as cidades do interior, em especial da regi\u00e3o.<\/p>\n<p>\u201cO governador Cl\u00e1udio Castro deu a determina\u00e7\u00e3o, prefeita, para estar aqui a seu servi\u00e7o, a servi\u00e7o de toda Araruama. Para a gente, \u00e9 um prazer essa aproxima\u00e7\u00e3o do Estado, que se manteve um pouco distante, ent\u00e3o hoje o governador deu essa determina\u00e7\u00e3o para estar perto da senhora, para estar perto do seu povo. A gente sabe de todo o trabalho que o Estado tem feito em toda Regi\u00e3o dos Lagos. Iniciamos hoje mais uma frente de trabalho com o Programa Limpa Rio. Prefeita, agora \u00e9 com voc\u00ea!\u201d, completou Bernardo Rossi.<\/p>\n","protected":false},"excerpt":{"rendered":"<p>Em mais uma a\u00e7\u00e3o fruto de parceria com o Estado do Rio, a prefeita de Araruama, Daniela Soares (PL), recebeu, nessa segunda-feira, 2, o secret\u00e1rio estadual de Ambiente e Sustentabilidade, Bernardo Rossi (SOLIDARIEDADE), para formalizar a libera\u00e7\u00e3o da continuidade das obras da Orla Oscar Niemeyer. O encontro marcou a assinatura da licen\u00e7a ambiental que permitir\u00e1 [&hellip;]<\/p>\n","protected":false},"author":2,"featured_media":19106,"comment_status":"open","ping_status":"open","sticky":true,"template":"","format":"standard","meta":{"footnotes":""},"categories":[208,1466],"tags":[66],"class_list":["post-19105","post","type-post","status-publish","format-standard","has-post-thumbnail","hentry","category-araruama","category-meio-ambiente","tag-araruama"],"_links":{"self":[{"href":"https:\/\/blogdodanielgalvao.com.br\/site\/wp-json\/wp\/v2\/posts\/19105","targetHints":{"allow":["GET"]}}],"collection":[{"href":"https:\/\/blogdodanielgalvao.com.br\/site\/wp-json\/wp\/v2\/posts"}],"about":[{"href":"https:\/\/blogdodanielgalvao.com.br\/site\/wp-json\/wp\/v2\/types\/post"}],"author":[{"embeddable":true,"href":"https:\/\/blogdodanielgalvao.com.br\/site\/wp-json\/wp\/v2\/users\/2"}],"replies":[{"embeddable":true,"href":"https:\/\/blogdodanielgalvao.com.br\/site\/wp-json\/wp\/v2\/comments?post=19105"}],"version-history":[{"count":1,"href":"https:\/\/blogdodanielgalvao.com.br\/site\/wp-json\/wp\/v2\/posts\/19105\/revisions"}],"predecessor-version":[{"id":19107,"href":"https:\/\/blogdodanielgalvao.com.br\/site\/wp-json\/wp\/v2\/posts\/19105\/revisions\/19107"}],"wp:featuredmedia":[{"embeddable":true,"href":"https:\/\/blogdodanielgalvao.com.br\/site\/wp-json\/wp\/v2\/media\/19106"}],"wp:attachment":[{"href":"https:\/\/blogdodanielgalvao.com.br\/site\/wp-json\/wp\/v2\/media?parent=19105"}],"wp:term":[{"taxonomy":"category","embeddable":true,"href":"https:\/\/blogdodanielgalvao.com.br\/site\/wp-json\/wp\/v2\/categories?post=19105"},{"taxonomy":"post_tag","embeddable":true,"href":"https:\/\/blogdodanielgalvao.com.br\/site\/wp-json\/wp\/v2\/tags?post=19105"}],"curies":[{"name":"wp","href":"https:\/\/api.w.org\/{rel}","templated":true}]}}