{"id":19090,"date":"2025-06-02T18:58:53","date_gmt":"2025-06-02T21:58:53","guid":{"rendered":"https:\/\/blogdodanielgalvao.com.br\/site\/?p=19090"},"modified":"2025-06-02T18:58:53","modified_gmt":"2025-06-02T21:58:53","slug":"prefeitura-de-rio-das-ostras-promove-rolezinho-sustentavel-fechando-o-maio-amarelo","status":"publish","type":"post","link":"https:\/\/blogdodanielgalvao.com.br\/site\/prefeitura-de-rio-das-ostras-promove-rolezinho-sustentavel-fechando-o-maio-amarelo\/","title":{"rendered":"Prefeitura de Rio das Ostras promove \u201cRolezinho Sustent\u00e1vel\u201d fechando o Maio Amarelo"},"content":{"rendered":"<p>Fechando o m\u00eas da campanha do Maio Amarelo, que visa a conscientiza\u00e7\u00e3o sobre os riscos de acidentes de tr\u00e2nsito, a prefeitura de Rio das Ostras promoveu, nesse domingo, 1\u00ba de junho, um evento batizado de \u201cRolezinho Sustent\u00e1vel\u201d.<\/p>\n<p>Reunindo bicicletas convencionais e el\u00e9tricas, ciclomotores e motos, o evento serviu ainda para a distribui\u00e7\u00e3o gratuita de 300 capacetes novinhos, adquiridos em parceria com empresas patrocinadoras da atividade, que percorreu v\u00e1rias ruas da cidade.<\/p>\n<p>\u201cTudo isso s\u00f3 foi poss\u00edvel gra\u00e7as \u00e0 uni\u00e3o da nossa gest\u00e3o com empresas que acreditam em um tr\u00e2nsito mais seguro e numa cidade mais sustent\u00e1vel. Um agradecimento especial \u00e0 Virtuz-e, Total Gr\u00e1fica, Rafael Bike El\u00e9trica, Duos, Duact, Trixx, Veloster e \u00e0 nossa Guarda Civil Municipal, que fizeram acontecer!\u201d, comemorou o munic\u00edpio.<\/p>\n<p>Segundo o secret\u00e1rio de Seguran\u00e7a P\u00fablica, Carlos Menegasi, o evento foi o resultado de uma iniciativa do prefeito Carlos Augusto (PL), em parceria com empresas da cidade, que patrocinaram a atividade, com a doa\u00e7\u00e3o dos equipamentos de seguran\u00e7a.<\/p>\n<p>\u201cEssa foi uma iniciativa, p\u00fablica e privada, para a conscientiza\u00e7\u00e3o, e mais que isso, trazer a nossa sociedade para que possamos aproveitar um domingo ensolarado. Fechamos o m\u00eas com v\u00e1rias atividades, e hoje, com esse evento maravilhoso\u201d, contou Carlos Menegasi.<\/p>\n<p>Entre os empres\u00e1rios presentes ao evento, esteve Jedaias Neves, empreendedor do ramo de im\u00f3veis, tecnologia e sustentabilidade, que elogiou a iniciativa do evento, e refor\u00e7ou a import\u00e2ncia da vis\u00e3o da atual gest\u00e3o em busca de solu\u00e7\u00f5es de inova\u00e7\u00e3o para a cidade.<\/p>\n<p>\u201cRio das Ostras tem se mostrado muito interessada em iniciativas de sustentabilidade e inova\u00e7\u00e3o, e com isso, o setor empresarial tem se movimentado em favor de apoiar a prefeitura em tudo aquilo que rege as boas pr\u00e1ticas do meio ambiente em nosso munic\u00edpio\u201d, avaliou Jedaias Neves.<\/p>\n<p>Com um trajeto que foi da Praia do Abric\u00f3, no Jardim Campomar, at\u00e9 a Lagoa do Iriry, no Jardim Bela Vista, o evento teve como foco orientar e conscientizar os condutores sobre a import\u00e2ncia do uso de equipamentos de seguran\u00e7a e o cumprimento das regras obrigat\u00f3rias para os ve\u00edculos el\u00e9tricos que circulam pela cidade.<\/p>\n<p>Al\u00e9m disso, o \u201cRolezinho Sustent\u00e1vel\u201d tamb\u00e9m refor\u00e7ou a import\u00e2ncia de educar a popula\u00e7\u00e3o sobre a\u00a0obrigatoriedade, desde julho de 2023, de registro e licenciamento para ciclomotores, como as motos el\u00e9tricas, lembrando que o prazo para regulariza\u00e7\u00e3o dos ve\u00edculos termina esse ano, no pr\u00f3ximo dia 31 de dezembro.<\/p>\n<p>\u201cEsse \u00e9 o tipo de parceria que salva vidas, educa e mostra que quando o poder p\u00fablico caminha junto com o setor privado, quem ganha \u00e9 o povo! Seguran\u00e7a, consci\u00eancia e parceria que faz a diferen\u00e7a!\u201d, completou a prefeitura.<\/p>\n","protected":false},"excerpt":{"rendered":"<p>Fechando o m\u00eas da campanha do Maio Amarelo, que visa a conscientiza\u00e7\u00e3o sobre os riscos de acidentes de tr\u00e2nsito, a prefeitura de Rio das Ostras promoveu, nesse domingo, 1\u00ba de junho, um evento batizado de \u201cRolezinho Sustent\u00e1vel\u201d. Reunindo bicicletas convencionais e el\u00e9tricas, ciclomotores e motos, o evento serviu ainda para a distribui\u00e7\u00e3o gratuita de 300 [&hellip;]<\/p>\n","protected":false},"author":2,"featured_media":19091,"comment_status":"open","ping_status":"open","sticky":true,"template":"","format":"standard","meta":{"footnotes":""},"categories":[4],"tags":[],"class_list":["post-19090","post","type-post","status-publish","format-standard","has-post-thumbnail","hentry","category-rio-das-ostras"],"_links":{"self":[{"href":"https:\/\/blogdodanielgalvao.com.br\/site\/wp-json\/wp\/v2\/posts\/19090","targetHints":{"allow":["GET"]}}],"collection":[{"href":"https:\/\/blogdodanielgalvao.com.br\/site\/wp-json\/wp\/v2\/posts"}],"about":[{"href":"https:\/\/blogdodanielgalvao.com.br\/site\/wp-json\/wp\/v2\/types\/post"}],"author":[{"embeddable":true,"href":"https:\/\/blogdodanielgalvao.com.br\/site\/wp-json\/wp\/v2\/users\/2"}],"replies":[{"embeddable":true,"href":"https:\/\/blogdodanielgalvao.com.br\/site\/wp-json\/wp\/v2\/comments?post=19090"}],"version-history":[{"count":1,"href":"https:\/\/blogdodanielgalvao.com.br\/site\/wp-json\/wp\/v2\/posts\/19090\/revisions"}],"predecessor-version":[{"id":19092,"href":"https:\/\/blogdodanielgalvao.com.br\/site\/wp-json\/wp\/v2\/posts\/19090\/revisions\/19092"}],"wp:featuredmedia":[{"embeddable":true,"href":"https:\/\/blogdodanielgalvao.com.br\/site\/wp-json\/wp\/v2\/media\/19091"}],"wp:attachment":[{"href":"https:\/\/blogdodanielgalvao.com.br\/site\/wp-json\/wp\/v2\/media?parent=19090"}],"wp:term":[{"taxonomy":"category","embeddable":true,"href":"https:\/\/blogdodanielgalvao.com.br\/site\/wp-json\/wp\/v2\/categories?post=19090"},{"taxonomy":"post_tag","embeddable":true,"href":"https:\/\/blogdodanielgalvao.com.br\/site\/wp-json\/wp\/v2\/tags?post=19090"}],"curies":[{"name":"wp","href":"https:\/\/api.w.org\/{rel}","templated":true}]}}