{"id":19079,"date":"2025-06-02T17:26:47","date_gmt":"2025-06-02T20:26:47","guid":{"rendered":"https:\/\/blogdodanielgalvao.com.br\/site\/?p=19079"},"modified":"2025-06-02T17:26:47","modified_gmt":"2025-06-02T20:26:47","slug":"carapebus-levanta-tacas-nas-categorias-sub-11-e-sub-13-do-rio-open-de-futsal","status":"publish","type":"post","link":"https:\/\/blogdodanielgalvao.com.br\/site\/carapebus-levanta-tacas-nas-categorias-sub-11-e-sub-13-do-rio-open-de-futsal\/","title":{"rendered":"Carapebus levanta ta\u00e7as nas categorias Sub-11 e Sub-13 do Rio Open de Futsal"},"content":{"rendered":"<p>O Gin\u00e1sio Poliesportivo de Quissam\u00e3 foi o centro das aten\u00e7\u00f5es neste domingo (1\u00ba) ao sediar as emocionantes finais do Rio Open de Futsal 2025. O grande destaque da competi\u00e7\u00e3o foi o munic\u00edpio de Carapebus, que conquistou o bicampeonato nas categorias Sub-11 e Sub-13, consolidando sua for\u00e7a no cen\u00e1rio do futsal de base.<\/p>\n<p>A competi\u00e7\u00e3o est\u00e1 em sua sexta edi\u00e7\u00e3o e vem sendo promovida pela Prefeitura de Quissam\u00e3 em parceria com a Associa\u00e7\u00e3o de Futsal do Estado do Rio de Janeiro (Afserj). Al\u00e9m de revelar talentos das quadras, o evento tamb\u00e9m celebrou o protagonismo feminino na modalidade, com uma comiss\u00e3o t\u00e9cnica comandada por uma mulher \u2014 um marco de representatividade.<\/p>\n<p>No Sub-11, Carapebus garantiu o primeiro lugar, seguido pelas equipes Quissam\u00e3 B e Quissam\u00e3 A. Jo\u00e3o Pedro, de Carapebus, foi o artilheiro da categoria, enquanto o pr\u00eamio de melhor goleiro ficou com seu companheiro de equipe, Davi.<\/p>\n<p>Na categoria Sub-13, Carapebus repetiu o feito e conquistou novamente o lugar mais alto do p\u00f3dio. Guararapes ficou com o segundo lugar, e Vilar Novo completou o p\u00f3dio em terceiro. Diego, de Carapebus, foi o artilheiro da categoria, e Nicolas, do Guararapes, foi eleito o melhor goleiro.<\/p>\n<p>O prefeito de Carapebus, Bernard Tavares, esteve presente no gin\u00e1sio para prestigiar as equipes do munic\u00edpio e celebrar os t\u00edtulos conquistados pelos jovens atletas.<\/p>\n<p>A vice-prefeita de Quissam\u00e3, Sabrine Pereira, enfatizou a import\u00e2ncia do esporte para o desenvolvimento dos jovens. \u201c\u00c9 uma alegria imensa ver o Gin\u00e1sio Poliesportivo vibrar com a energia desses futuros craques. O esporte \u00e9, sem d\u00favida, sa\u00fade e um caminho fundamental para a forma\u00e7\u00e3o de cidad\u00e3os, promovendo disciplina, trabalho em equipe e resili\u00eancia\u201d, afirmou.<\/p>\n<p>A secret\u00e1ria de Esporte e Juventude, Isis das Chagas, tamb\u00e9m destacou o impacto do torneio. \u201cInvestir em competi\u00e7\u00f5es como o Rio Open de Futsal \u00e9 fundamental para a valoriza\u00e7\u00e3o do esporte de base em nossa regi\u00e3o. Proporcionamos a integra\u00e7\u00e3o entre equipes de diversas cidades e incentivamos a pr\u00e1tica esportiva, que \u00e9 t\u00e3o importante para o desenvolvimento integral de nossos jovens\u201d, disse.<\/p>\n","protected":false},"excerpt":{"rendered":"<p>O Gin\u00e1sio Poliesportivo de Quissam\u00e3 foi o centro das aten\u00e7\u00f5es neste domingo (1\u00ba) ao sediar as emocionantes finais do Rio Open de Futsal 2025. O grande destaque da competi\u00e7\u00e3o foi o munic\u00edpio de Carapebus, que conquistou o bicampeonato nas categorias Sub-11 e Sub-13, consolidando sua for\u00e7a no cen\u00e1rio do futsal de base. A competi\u00e7\u00e3o est\u00e1 [&hellip;]<\/p>\n","protected":false},"author":2,"featured_media":19080,"comment_status":"open","ping_status":"open","sticky":true,"template":"","format":"standard","meta":{"footnotes":""},"categories":[1897],"tags":[],"class_list":["post-19079","post","type-post","status-publish","format-standard","has-post-thumbnail","hentry","category-esportes"],"_links":{"self":[{"href":"https:\/\/blogdodanielgalvao.com.br\/site\/wp-json\/wp\/v2\/posts\/19079","targetHints":{"allow":["GET"]}}],"collection":[{"href":"https:\/\/blogdodanielgalvao.com.br\/site\/wp-json\/wp\/v2\/posts"}],"about":[{"href":"https:\/\/blogdodanielgalvao.com.br\/site\/wp-json\/wp\/v2\/types\/post"}],"author":[{"embeddable":true,"href":"https:\/\/blogdodanielgalvao.com.br\/site\/wp-json\/wp\/v2\/users\/2"}],"replies":[{"embeddable":true,"href":"https:\/\/blogdodanielgalvao.com.br\/site\/wp-json\/wp\/v2\/comments?post=19079"}],"version-history":[{"count":1,"href":"https:\/\/blogdodanielgalvao.com.br\/site\/wp-json\/wp\/v2\/posts\/19079\/revisions"}],"predecessor-version":[{"id":19081,"href":"https:\/\/blogdodanielgalvao.com.br\/site\/wp-json\/wp\/v2\/posts\/19079\/revisions\/19081"}],"wp:featuredmedia":[{"embeddable":true,"href":"https:\/\/blogdodanielgalvao.com.br\/site\/wp-json\/wp\/v2\/media\/19080"}],"wp:attachment":[{"href":"https:\/\/blogdodanielgalvao.com.br\/site\/wp-json\/wp\/v2\/media?parent=19079"}],"wp:term":[{"taxonomy":"category","embeddable":true,"href":"https:\/\/blogdodanielgalvao.com.br\/site\/wp-json\/wp\/v2\/categories?post=19079"},{"taxonomy":"post_tag","embeddable":true,"href":"https:\/\/blogdodanielgalvao.com.br\/site\/wp-json\/wp\/v2\/tags?post=19079"}],"curies":[{"name":"wp","href":"https:\/\/api.w.org\/{rel}","templated":true}]}}